{"id":77711,"date":"2025-09-29T08:00:00","date_gmt":"2025-09-29T06:00:00","guid":{"rendered":"https:\/\/www.create-store.com\/blog\/?p=77711"},"modified":"2025-12-30T15:09:32","modified_gmt":"2025-12-30T14:09:32","slug":"papas-de-aveia-com-mirtilos","status":"publish","type":"post","link":"https:\/\/www.create-store.com\/blog\/pt\/papas-de-aveia-com-mirtilos\/","title":{"rendered":"Papas de aveia com mirtilos"},"content":{"rendered":"<div id=\"wprm-recipe-container-77712\" class=\"wprm-recipe-container\" data-recipe-id=\"77712\" data-servings=\"2\"><div class=\"wprm-recipe wprm-recipe-template-create-recipe\"><div class=\"wprm-recipe-template-ts-container\">\n    <div class=\"wprm-ts-top\">\n        <div class=\"wprm-recipe-block-container wprm-recipe-block-container-separated wprm-block-text-normal wprm-recipe-author-container\" style=\"\"><span class=\"wprm-recipe-details-label wprm-block-text-uppercase-faded wprm-recipe-author-label\">Realizada por<\/span><span class=\"wprm-recipe-details wprm-recipe-author wprm-block-text-normal\">CREATE<\/span><\/div>\n    <\/div>\n    \n    <div class=\"wprm-ts-header\">        \n        <div class=\"wprm-recipe-summary wprm-block-text-normal\">Desfruta de um pequeno-almo\u00e7o saud\u00e1vel, cremoso e cheio de antioxidantes com estas papas de aveia com mirtilos, feitas diretamente na panela de arroz. Uma op\u00e7\u00e3o r\u00e1pida e reconfortante, ideal para come\u00e7ar o dia com energia.<\/div>\n    <\/div>\n    \n    <div class=\"wprm-ts-main-meta\">\n        <div class=\"wprm-recipe-block-container wprm-recipe-block-container-inline wprm-block-text-normal wprm-recipe-servings-container\" style=\"\"><span class=\"wprm-recipe-details-label wprm-block-text-bold wprm-recipe-servings-label\">Por\u00e7\u00f5es <\/span><span class=\"wprm-recipe-servings wprm-recipe-details wprm-recipe-servings-77712 wprm-recipe-servings-adjustable-disabled wprm-block-text-normal\" data-recipe=\"77712\" aria-label=\"Adjust recipe servings\">2<\/span><\/div>\n        <div class=\"wprm-recipe-meta-container wprm-recipe-times-container wprm-recipe-details-container wprm-recipe-details-container-inline wprm-block-text-normal\" style=\"\"><div class=\"wprm-recipe-block-container wprm-recipe-block-container-inline wprm-block-text-normal wprm-recipe-time-container wprm-recipe-prep-time-container\" style=\"\"><span class=\"wprm-recipe-details-label wprm-block-text-bold wprm-recipe-time-label wprm-recipe-prep-time-label\">Prep Time<\/span><span class=\"wprm-recipe-time wprm-block-text-normal\"><span class=\"wprm-recipe-details wprm-recipe-details-minutes wprm-recipe-prep_time wprm-recipe-prep_time-minutes\">5<\/span> <span class=\"wprm-recipe-details-unit wprm-recipe-details-minutes wprm-recipe-prep_time-unit wprm-recipe-prep_timeunit-minutes\">mins<\/span><\/span><\/div><div class=\"wprm-recipe-block-container wprm-recipe-block-container-inline wprm-block-text-normal wprm-recipe-time-container wprm-recipe-cook-time-container\" style=\"\"><span class=\"wprm-recipe-details-label wprm-block-text-bold wprm-recipe-time-label wprm-recipe-cook-time-label\">Tempo de cozedura<\/span><span class=\"wprm-recipe-time wprm-block-text-normal\"><span class=\"wprm-recipe-details wprm-recipe-details-minutes wprm-recipe-cook_time wprm-recipe-cook_time-minutes\">15<\/span> <span class=\"wprm-recipe-details-unit wprm-recipe-details-minutes wprm-recipe-cook_time-unit wprm-recipe-cook_timeunit-minutes\">mins<\/span><\/span><\/div><\/div>\n    <\/div>\n    \n    <div class=\"wprm-ts-equipment\">\n        <div class=\"wprm-recipe-equipment-container wprm-block-text-normal\" data-recipe=\"77712\"><h3 class=\"wprm-recipe-header wprm-recipe-equipment-header wprm-block-text-bold wprm-align-left wprm-header-decoration-none\" style=\"\">Equipamentos para a sua prepara\u00e7\u00e3o<\/h3><div class=\"wprm-recipe-equipment wprm-recipe-equipment-images wprm-recipe-equipment-images-align-left\"><div class=\"wprm-recipe-equipment-item wprm-recipe-equipment-item-has-image\"><a href=\"https:\/\/www.create-store.com\/pt\/comprar-panela-de-arroz-electrica\/138222-rice-cooker-studio-panela-eletrica-de-arroz-2-l.html?id_c=290199\" class=\"wprm-recipe-equipment-link\" target=\"_blank\"><div class=\"wprm-recipe-equipment-image\"><img loading=\"lazy\" decoding=\"async\" width=\"165\" height=\"165\" src=\"https:\/\/www.create-store.com\/blog\/wp-content\/uploads\/2023\/12\/rice-cooker-studio-2l-electric-rice-cooker-300x300.jpg\" class=\"attachment-165x165 size-165x165\" alt=\"\" srcset=\"https:\/\/www.create-store.com\/blog\/wp-content\/uploads\/2023\/12\/rice-cooker-studio-2l-electric-rice-cooker-300x300.jpg 300w, https:\/\/www.create-store.com\/blog\/wp-content\/uploads\/2023\/12\/rice-cooker-studio-2l-electric-rice-cooker-150x150.jpg 150w, https:\/\/www.create-store.com\/blog\/wp-content\/uploads\/2023\/12\/rice-cooker-studio-2l-electric-rice-cooker-500x500.jpg 500w, https:\/\/www.create-store.com\/blog\/wp-content\/uploads\/2023\/12\/rice-cooker-studio-2l-electric-rice-cooker-600x600.jpg 600w\" sizes=\"auto, (max-width: 165px) 100vw, 165px\" \/><\/div><div class=\"wprm-recipe-equipment-name\"><\/div><\/a><\/div><\/div><\/div>\n    <\/div>\n    \n    <div class=\"wprm-ts-equipment-ingredients\">\n        <div class=\"wprm-recipe-ingredients-container wprm-recipe-77712-ingredients-container wprm-block-text-normal wprm-ingredient-style-regular\" data-recipe=\"77712\" data-servings=\"2\"><h3 class=\"wprm-recipe-header wprm-recipe-ingredients-header wprm-block-text-bold wprm-align-left wprm-header-decoration-none\" style=\"\">Ingredientes<\/h3><div class=\"wprm-recipe-ingredient-group\"><ul class=\"wprm-recipe-ingredients\"><li class=\"wprm-recipe-ingredient\" style=\"list-style-type: disc;\"><span class=\"wprm-recipe-ingredient-amount\">1<\/span>&#32;<span class=\"wprm-recipe-ingredient-name\">ch\u00e1vena de flocos de aveia integrais<\/span><\/li><li class=\"wprm-recipe-ingredient\" style=\"list-style-type: disc;\"><span class=\"wprm-recipe-ingredient-amount\">2<\/span>&#32;<span class=\"wprm-recipe-ingredient-name\">ch\u00e1venas de leite<\/span><\/li><li class=\"wprm-recipe-ingredient\" style=\"list-style-type: disc;\"><span class=\"wprm-recipe-ingredient-amount\">\u00bd<\/span>&#32;<span class=\"wprm-recipe-ingredient-name\">ch\u00e1vena de mirtilos frescos ou congelados<\/span><\/li><li class=\"wprm-recipe-ingredient\" style=\"list-style-type: disc;\"><span class=\"wprm-recipe-ingredient-amount\">1<\/span>&#32;<span class=\"wprm-recipe-ingredient-unit\">c.<\/span>&#32;<span class=\"wprm-recipe-ingredient-name\">de sopa de mel ou xarope de \u00e1cer<\/span><\/li><li class=\"wprm-recipe-ingredient\" style=\"list-style-type: disc;\"><span class=\"wprm-recipe-ingredient-amount\">\u00bd<\/span>&#32;<span class=\"wprm-recipe-ingredient-unit\">c.<\/span>&#32;<span class=\"wprm-recipe-ingredient-name\">de ch\u00e1 de canela em p\u00f3<\/span><\/li><li class=\"wprm-recipe-ingredient\" style=\"list-style-type: disc;\"><span class=\"wprm-recipe-ingredient-amount\">1<\/span>&#32;<span class=\"wprm-recipe-ingredient-name\">pitada de sal<\/span><\/li><li class=\"wprm-recipe-ingredient\" style=\"list-style-type: disc;\"><span class=\"wprm-recipe-ingredient-name\">Opcional: nozes<\/span>&#32;<span class=\"wprm-recipe-ingredient-notes wprm-recipe-ingredient-notes-normal\">(sementes ou mais mirtilos para decorar)<\/span><\/li><\/ul><\/div><\/div>\n    <\/div>\n    \n    <div class=\"wprm-ts-instructions\">\n        <div class=\"wprm-recipe-instructions-container wprm-block-text-normal\" data-recipe=\"77712\"><h3 class=\"wprm-recipe-header wprm-recipe-instructions-header wprm-block-text-bold wprm-align-left wprm-header-decoration-none\" style=\"\">Prepara\u00e7\u00e3o passo a passo<\/h3><div class=\"wprm-recipe-instruction-group\"><ul class=\"wprm-recipe-instructions\"><li id=\"wprm-recipe-77712-step-0-0\" class=\"wprm-recipe-instruction\" style=\"list-style-type: decimal;\"><div class=\"wprm-recipe-instruction-text\" style=\"margin-bottom: 20px\">Colocar na panela de arroz a aveia, o leite, o mel, a canela e o sal.<\/div><\/li><li id=\"wprm-recipe-77712-step-0-1\" class=\"wprm-recipe-instruction\" style=\"list-style-type: decimal;\"><div class=\"wprm-recipe-instruction-text\" style=\"margin-bottom: 20px\">Ligar em modo \u201cporridge\u201d e cozinhar mexendo de vez em quando.<\/div><\/li><li id=\"wprm-recipe-77712-step-0-2\" class=\"wprm-recipe-instruction\" style=\"list-style-type: decimal;\"><div class=\"wprm-recipe-instruction-text\" style=\"margin-bottom: 20px\">Ap\u00f3s 10\u201315 min, quando a aveia come\u00e7ar a engrossar, juntar os mirtilos e mexer suavemente.<\/div><\/li><li id=\"wprm-recipe-77712-step-0-3\" class=\"wprm-recipe-instruction\" style=\"list-style-type: decimal;\"><div class=\"wprm-recipe-instruction-text\" style=\"margin-bottom: 20px\">Cozinhar mais 2\u20133 min at\u00e9 os mirtilos aquecerem e a papa atingir a consist\u00eancia desejada.<\/div><\/li><li id=\"wprm-recipe-77712-step-0-4\" class=\"wprm-recipe-instruction\" style=\"list-style-type: decimal;\"><div class=\"wprm-recipe-instruction-text\" style=\"margin-bottom: 20px\">Servir quente e decorar com nozes, sementes ou mais mirtilos.<\/div><\/li><\/ul><\/div><\/div>\n        \n    <\/div>\n    \n    \n<\/div><\/div><\/div>","protected":false},"excerpt":{"rendered":"","protected":false},"author":1,"featured_media":77663,"comment_status":"closed","ping_status":"closed","sticky":false,"template":"","format":"standard","meta":{"wprm-recipe-roundup-name":[],"wprm-recipe-roundup-description":[],"loftocean_post_format_gallery":"","loftocean_post_format_gallery_ids":"","loftocean_post_format_gallery_urls":"","loftocean_post_format_video_id":0,"loftocean_post_format_video_url":"","loftocean_post_format_video_type":"","loftocean_post_format_video":"","loftocean_post_format_audio_type":"","loftocean_post_format_audio_url":"","loftocean_post_format_audio_id":0,"loftocean_post_format_audio":"","loftocean-featured-post":"","loftocean-like-count":0,"loftocean-view-count":808,"tinysalt_single_post_intro_label":"","tinysalt_single_post_intro_description":"","tinysalt_hide_before_page_content_ad":"","tinysalt_hide_after_page_content_ad":"","tinysalt_hide_page_header":"","tinysalt_advanced_classname":"","footnotes":""},"categories":[24537,1459,710],"tags":[],"class_list":["post-77711","post","type-post","status-publish","format-standard","has-post-thumbnail","hentry","category-panela-eletrica-de-arroz","category-pequeno-almoco","category-vegetariano"],"recipe":{"id":77712,"image_id":77663,"image_url":"https:\/\/www.create-store.com\/blog\/wp-content\/uploads\/2025\/09\/PORRIDGE-CON-ARANDANOS-01.jpeg","image_thumbnail_url":"https:\/\/www.create-store.com\/blog\/wp-content\/uploads\/2025\/09\/PORRIDGE-CON-ARANDANOS-01-150x150.jpeg","name":"Papas de aveia com mirtilos","summary":"Desfruta de um pequeno-almo\u00e7o saud\u00e1vel, cremoso e cheio de antioxidantes com estas papas de aveia com mirtilos, feitas diretamente na panela de arroz. Uma op\u00e7\u00e3o r\u00e1pida e reconfortante, ideal para come\u00e7ar o dia com energia.\n","author_name":"CREATE","author_link":"","servings":"2","servings_unit":"","prep_time":"5","cook_time":"15","custom_time":"0","custom_time_label":"","categories":[],"tags":[],"products":[{"id":24369,"name":"RICE COOKER","uid":0,"product_link":"https:\/\/www.create-store.com\/pt\/comprar-panela-de-arroz-electrica\/138222-rice-cooker-studio-panela-eletrica-de-arroz-2-l.html?id_c=290199","product_image_url":"https:\/\/www.create-store.com\/blog\/wp-content\/uploads\/2023\/12\/rice-cooker-studio-2l-electric-rice-cooker.jpg"}],"ingredients":[{"ingredients":[{"amount":"1","unit":"","name":"ch\u00e1vena de flocos de aveia integrais","notes":"","id":28011},{"amount":"2","unit":"","name":"ch\u00e1venas de leite","notes":"","id":28012},{"amount":"\u00bd","unit":"","name":"ch\u00e1vena de mirtilos frescos ou congelados","notes":"","id":28013},{"amount":"1","unit":"c.","name":"de sopa de mel ou xarope de \u00e1cer","notes":"","id":27709},{"amount":"\u00bd","unit":"c.","name":"de ch\u00e1 de canela em p\u00f3","notes":"","id":28014},{"amount":"1","unit":"","name":"pitada de sal","notes":"","id":7408},{"amount":"","unit":"","name":"Opcional: nozes","notes":"sementes ou mais mirtilos para decorar","id":28015}],"name":""}],"instructions":[{"instructions":[{"name":"","text":"Colocar na panela de arroz a aveia, o leite, o mel, a canela e o sal.","image":0},{"name":"","text":"Ligar em modo \u201cporridge\u201d e cozinhar mexendo de vez em quando.","image":0},{"name":"","text":"Ap\u00f3s 10\u201315 min, quando a aveia come\u00e7ar a engrossar, juntar os mirtilos e mexer suavemente.","image":0},{"name":"","text":"Cozinhar mais 2\u20133 min at\u00e9 os mirtilos aquecerem e a papa atingir a consist\u00eancia desejada.","image":0},{"name":"","text":"Servir quente e decorar com nozes, sementes ou mais mirtilos.","image":0}],"name":""}],"ingredients_flat":[{"amount":"1","unit":"","name":"ch\u00e1vena de flocos de aveia integrais","notes":"","id":28011,"uid":0,"type":"ingredient"},{"amount":"2","unit":"","name":"ch\u00e1venas de leite","notes":"","id":28012,"uid":1,"type":"ingredient"},{"amount":"\u00bd","unit":"","name":"ch\u00e1vena de mirtilos frescos ou congelados","notes":"","id":28013,"uid":2,"type":"ingredient"},{"amount":"1","unit":"c.","name":"de sopa de mel ou xarope de \u00e1cer","notes":"","id":27709,"uid":3,"type":"ingredient"},{"amount":"\u00bd","unit":"c.","name":"de ch\u00e1 de canela em p\u00f3","notes":"","id":28014,"uid":4,"type":"ingredient"},{"amount":"1","unit":"","name":"pitada de sal","notes":"","id":7408,"uid":5,"type":"ingredient"},{"amount":"","unit":"","name":"Opcional: nozes","notes":"sementes ou mais mirtilos para decorar","id":28015,"uid":6,"type":"ingredient"}],"instructions_flat":[{"name":"","text":"Colocar na panela de arroz a aveia, o leite, o mel, a canela e o sal.","image":0,"uid":0,"type":"instruction","image_url":""},{"name":"","text":"Ligar em modo \u201cporridge\u201d e cozinhar mexendo de vez em quando.","image":0,"uid":1,"type":"instruction","image_url":""},{"name":"","text":"Ap\u00f3s 10\u201315 min, quando a aveia come\u00e7ar a engrossar, juntar os mirtilos e mexer suavemente.","image":0,"uid":2,"type":"instruction","image_url":""},{"name":"","text":"Cozinhar mais 2\u20133 min at\u00e9 os mirtilos aquecerem e a papa atingir a consist\u00eancia desejada.","image":0,"uid":3,"type":"instruction","image_url":""},{"name":"","text":"Servir quente e decorar com nozes, sementes ou mais mirtilos.","image":0,"uid":4,"type":"instruction","image_url":""}],"video_id":0,"video_embed":"","video_thumb_url":"https:\/\/www.create-store.com\/blog\/wp-content\/uploads\/2025\/09\/PORRIDGE-CON-ARANDANOS-01-150x150.jpeg","notes":""},"_links":{"self":[{"href":"https:\/\/www.create-store.com\/blog\/pt\/wp-json\/wp\/v2\/posts\/77711","targetHints":{"allow":["GET"]}}],"collection":[{"href":"https:\/\/www.create-store.com\/blog\/pt\/wp-json\/wp\/v2\/posts"}],"about":[{"href":"https:\/\/www.create-store.com\/blog\/pt\/wp-json\/wp\/v2\/types\/post"}],"author":[{"embeddable":true,"href":"https:\/\/www.create-store.com\/blog\/pt\/wp-json\/wp\/v2\/users\/1"}],"replies":[{"embeddable":true,"href":"https:\/\/www.create-store.com\/blog\/pt\/wp-json\/wp\/v2\/comments?post=77711"}],"version-history":[{"count":2,"href":"https:\/\/www.create-store.com\/blog\/pt\/wp-json\/wp\/v2\/posts\/77711\/revisions"}],"predecessor-version":[{"id":80111,"href":"https:\/\/www.create-store.com\/blog\/pt\/wp-json\/wp\/v2\/posts\/77711\/revisions\/80111"}],"wp:featuredmedia":[{"embeddable":true,"href":"https:\/\/www.create-store.com\/blog\/pt\/wp-json\/wp\/v2\/media\/77663"}],"wp:attachment":[{"href":"https:\/\/www.create-store.com\/blog\/pt\/wp-json\/wp\/v2\/media?parent=77711"}],"wp:term":[{"taxonomy":"category","embeddable":true,"href":"https:\/\/www.create-store.com\/blog\/pt\/wp-json\/wp\/v2\/categories?post=77711"},{"taxonomy":"post_tag","embeddable":true,"href":"https:\/\/www.create-store.com\/blog\/pt\/wp-json\/wp\/v2\/tags?post=77711"}],"curies":[{"name":"wp","href":"https:\/\/api.w.org\/{rel}","templated":true}]}}