{"id":68958,"date":"2024-07-11T13:05:07","date_gmt":"2024-07-11T11:05:07","guid":{"rendered":"https:\/\/www.create-store.com\/blog\/?p=68958"},"modified":"2025-12-02T10:24:21","modified_gmt":"2025-12-02T09:24:21","slug":"ovos","status":"publish","type":"post","link":"https:\/\/www.create-store.com\/blog\/pt\/ovos\/","title":{"rendered":"OVOS"},"content":{"rendered":"<div id=\"wprm-recipe-container-68959\" class=\"wprm-recipe-container\" data-recipe-id=\"68959\" data-servings=\"0\"><div class=\"wprm-recipe wprm-recipe-template-create-recipe\"><div class=\"wprm-recipe-template-ts-container\">\n    <div class=\"wprm-ts-top\">\n        <div class=\"wprm-recipe-block-container wprm-recipe-block-container-separated wprm-block-text-normal wprm-recipe-author-container\" style=\"\"><span class=\"wprm-recipe-details-label wprm-block-text-uppercase-faded wprm-recipe-author-label\">Realizada por<\/span><span class=\"wprm-recipe-details wprm-recipe-author wprm-block-text-normal\">CREATE<\/span><\/div>\n    <\/div>\n    \n    <div class=\"wprm-ts-header\">        \n        <div class=\"wprm-recipe-summary wprm-block-text-normal\">Uma fonte de prote\u00ednas presente na maioria das dietas devido \u00e0s suas propriedades, \u00e0 sua versatilidade, sabor e facilidade de prepara\u00e7\u00e3o. Neste caso, mostramos como os cozinhar com uma fritadeira de ar quente (sim, tamb\u00e9m \u00e9 poss\u00edvel). Uma fonte comum de prote\u00ednas na dieta da maioria das pessoas devido \u00e0s suas propriedades, \u00e0 sua versatilidade, sabor e facilidade de prepara\u00e7\u00e3o. Neste caso, mostramos como os cozinhar com uma fritadeira de ar quente (sim, tamb\u00e9m \u00e9 poss\u00edvel).<\/div>\n    <\/div>\n    \n    <div class=\"wprm-ts-main-meta\">\n        \n        <div class=\"wprm-recipe-meta-container wprm-recipe-times-container wprm-recipe-details-container wprm-recipe-details-container-inline wprm-block-text-normal\" style=\"\"><div class=\"wprm-recipe-block-container wprm-recipe-block-container-inline wprm-block-text-normal wprm-recipe-time-container wprm-recipe-prep-time-container\" style=\"\"><span class=\"wprm-recipe-details-label wprm-block-text-bold wprm-recipe-time-label wprm-recipe-prep-time-label\">Prep Time<\/span><span class=\"wprm-recipe-time wprm-block-text-normal\"><span class=\"wprm-recipe-details wprm-recipe-details-minutes wprm-recipe-prep_time wprm-recipe-prep_time-minutes\">5<\/span> <span class=\"wprm-recipe-details-unit wprm-recipe-details-minutes wprm-recipe-prep_time-unit wprm-recipe-prep_timeunit-minutes\">mins<\/span><\/span><\/div><div class=\"wprm-recipe-block-container wprm-recipe-block-container-inline wprm-block-text-normal wprm-recipe-time-container wprm-recipe-cook-time-container\" style=\"\"><span class=\"wprm-recipe-details-label wprm-block-text-bold wprm-recipe-time-label wprm-recipe-cook-time-label\">Tempo de cozedura<\/span><span class=\"wprm-recipe-time wprm-block-text-normal\"><span class=\"wprm-recipe-details wprm-recipe-details-minutes wprm-recipe-cook_time wprm-recipe-cook_time-minutes\">8<\/span> <span class=\"wprm-recipe-details-unit wprm-recipe-details-minutes wprm-recipe-cook_time-unit wprm-recipe-cook_timeunit-minutes\">mins<\/span><\/span><\/div><\/div>\n    <\/div>\n    \n    <div class=\"wprm-ts-equipment\">\n        <div class=\"wprm-recipe-equipment-container wprm-block-text-normal\" data-recipe=\"68959\"><h3 class=\"wprm-recipe-header wprm-recipe-equipment-header wprm-block-text-bold wprm-align-left wprm-header-decoration-none\" style=\"\">Equipamentos para a sua prepara\u00e7\u00e3o<\/h3><div class=\"wprm-recipe-equipment wprm-recipe-equipment-images wprm-recipe-equipment-images-align-left\"><div class=\"wprm-recipe-equipment-item wprm-recipe-equipment-item-has-image\"><a href=\"https:\/\/www.create-store.com\/pt\/comprar-fritadeiras-a-vapor\/172243-air-fryer-mist-fritadeira-sem-oleo-42-l-com-vaporizador-de-agua.html?id_c=401494\" class=\"wprm-recipe-equipment-link\" target=\"_blank\"><div class=\"wprm-recipe-equipment-image\"><img loading=\"lazy\" decoding=\"async\" width=\"165\" height=\"165\" src=\"https:\/\/www.create-store.com\/blog\/wp-content\/uploads\/2025\/02\/air-fryer-mist-freidora-sin-aceite-42-l-con-vaporizador-de-agua-300x300.jpg\" class=\"attachment-165x165 size-165x165\" alt=\"\" srcset=\"https:\/\/www.create-store.com\/blog\/wp-content\/uploads\/2025\/02\/air-fryer-mist-freidora-sin-aceite-42-l-con-vaporizador-de-agua-300x300.jpg 300w, https:\/\/www.create-store.com\/blog\/wp-content\/uploads\/2025\/02\/air-fryer-mist-freidora-sin-aceite-42-l-con-vaporizador-de-agua-150x150.jpg 150w, https:\/\/www.create-store.com\/blog\/wp-content\/uploads\/2025\/02\/air-fryer-mist-freidora-sin-aceite-42-l-con-vaporizador-de-agua-500x500.jpg 500w, https:\/\/www.create-store.com\/blog\/wp-content\/uploads\/2025\/02\/air-fryer-mist-freidora-sin-aceite-42-l-con-vaporizador-de-agua-600x600.jpg 600w\" sizes=\"auto, (max-width: 165px) 100vw, 165px\" \/><\/div><div class=\"wprm-recipe-equipment-name\"><\/div><\/a><\/div><div class=\"wprm-recipe-equipment-item wprm-recipe-equipment-item-has-image\"><a href=\"https:\/\/www.create-store.com\/es\/comprar-freidoras-de-aire-dobles\/141380-air-fryer-dual-freidora-sin-aceite-10-l-con-separador.html?id_c=300105\" class=\"wprm-recipe-equipment-link\" target=\"_blank\"><div class=\"wprm-recipe-equipment-image\"><img loading=\"lazy\" decoding=\"async\" width=\"165\" height=\"165\" src=\"https:\/\/www.create-store.com\/blog\/wp-content\/uploads\/2024\/06\/air-fryer-dual-freidora-sin-aceite-10-l-con-separador-300x300.jpg\" class=\"attachment-165x165 size-165x165\" alt=\"\" srcset=\"https:\/\/www.create-store.com\/blog\/wp-content\/uploads\/2024\/06\/air-fryer-dual-freidora-sin-aceite-10-l-con-separador-300x300.jpg 300w, https:\/\/www.create-store.com\/blog\/wp-content\/uploads\/2024\/06\/air-fryer-dual-freidora-sin-aceite-10-l-con-separador-150x150.jpg 150w, https:\/\/www.create-store.com\/blog\/wp-content\/uploads\/2024\/06\/air-fryer-dual-freidora-sin-aceite-10-l-con-separador-500x500.jpg 500w, https:\/\/www.create-store.com\/blog\/wp-content\/uploads\/2024\/06\/air-fryer-dual-freidora-sin-aceite-10-l-con-separador-600x600.jpg 600w\" sizes=\"auto, (max-width: 165px) 100vw, 165px\" \/><\/div><div class=\"wprm-recipe-equipment-name\"><\/div><\/a><\/div><div class=\"wprm-recipe-equipment-item wprm-recipe-equipment-item-has-image\"><a href=\"https:\/\/www.create-store.com\/pt\/comprar-fritadeiras-sem-oleo-grandes\/132703-air-fryer-pro-large-fritadeira-sem-oleo-62-l.html?id_c=275951\" class=\"wprm-recipe-equipment-link\" target=\"_blank\"><div class=\"wprm-recipe-equipment-image\"><img loading=\"lazy\" decoding=\"async\" width=\"165\" height=\"165\" src=\"https:\/\/www.create-store.com\/blog\/wp-content\/uploads\/2024\/06\/air-fryer-pro-large-freidora-sin-aceite-62-l-300x300.jpg\" class=\"attachment-165x165 size-165x165\" alt=\"\" srcset=\"https:\/\/www.create-store.com\/blog\/wp-content\/uploads\/2024\/06\/air-fryer-pro-large-freidora-sin-aceite-62-l-300x300.jpg 300w, https:\/\/www.create-store.com\/blog\/wp-content\/uploads\/2024\/06\/air-fryer-pro-large-freidora-sin-aceite-62-l-150x150.jpg 150w, https:\/\/www.create-store.com\/blog\/wp-content\/uploads\/2024\/06\/air-fryer-pro-large-freidora-sin-aceite-62-l-500x500.jpg 500w, https:\/\/www.create-store.com\/blog\/wp-content\/uploads\/2024\/06\/air-fryer-pro-large-freidora-sin-aceite-62-l-600x600.jpg 600w\" sizes=\"auto, (max-width: 165px) 100vw, 165px\" \/><\/div><div class=\"wprm-recipe-equipment-name\"><\/div><\/a><\/div><div class=\"wprm-recipe-equipment-item wprm-recipe-equipment-item-has-image\"><a href=\"https:\/\/www.create-store.com\/pt\/comprar-fritadeira-sem-oleo\/52025-ikofry-healthly-pro-fritadeira-sem-oleo.html\" class=\"wprm-recipe-equipment-link\" target=\"_blank\"><div class=\"wprm-recipe-equipment-image\"><img loading=\"lazy\" decoding=\"async\" width=\"165\" height=\"165\" src=\"https:\/\/www.create-store.com\/blog\/wp-content\/uploads\/2024\/06\/air-fryer-pro-compact-freidora-sin-aceite-35-l-300x300.jpg\" class=\"attachment-165x165 size-165x165\" alt=\"\" srcset=\"https:\/\/www.create-store.com\/blog\/wp-content\/uploads\/2024\/06\/air-fryer-pro-compact-freidora-sin-aceite-35-l-300x300.jpg 300w, https:\/\/www.create-store.com\/blog\/wp-content\/uploads\/2024\/06\/air-fryer-pro-compact-freidora-sin-aceite-35-l-150x150.jpg 150w, https:\/\/www.create-store.com\/blog\/wp-content\/uploads\/2024\/06\/air-fryer-pro-compact-freidora-sin-aceite-35-l-500x500.jpg 500w, https:\/\/www.create-store.com\/blog\/wp-content\/uploads\/2024\/06\/air-fryer-pro-compact-freidora-sin-aceite-35-l-600x600.jpg 600w\" sizes=\"auto, (max-width: 165px) 100vw, 165px\" \/><\/div><div class=\"wprm-recipe-equipment-name\"><\/div><\/a><\/div><\/div><\/div>\n    <\/div>\n    \n    <div class=\"wprm-ts-equipment-ingredients\">\n        <div class=\"wprm-recipe-ingredients-container wprm-recipe-68959-ingredients-container wprm-block-text-normal wprm-ingredient-style-regular\" data-recipe=\"68959\" data-servings=\"0\"><h3 class=\"wprm-recipe-header wprm-recipe-ingredients-header wprm-block-text-bold wprm-align-left wprm-header-decoration-none\" style=\"\">Ingredientes<\/h3><div class=\"wprm-recipe-ingredient-group\"><ul class=\"wprm-recipe-ingredients\"><li class=\"wprm-recipe-ingredient\" style=\"list-style-type: disc;\"><span class=\"wprm-recipe-ingredient-name\">Ovos<\/span>&#32;<span class=\"wprm-recipe-ingredient-notes wprm-recipe-ingredient-notes-normal\">(suficientes para caberem no fundo da fritadeira sem se sobreporem)<\/span><\/li><\/ul><\/div><\/div>\n    <\/div>\n    \n    <div class=\"wprm-ts-instructions\">\n        <div class=\"wprm-recipe-instructions-container wprm-block-text-normal\" data-recipe=\"68959\"><h3 class=\"wprm-recipe-header wprm-recipe-instructions-header wprm-block-text-bold wprm-align-left wprm-header-decoration-none\" style=\"\">Prepara\u00e7\u00e3o passo a passo<\/h3><div class=\"wprm-recipe-instruction-group\"><ul class=\"wprm-recipe-instructions\"><li id=\"wprm-recipe-68959-step-0-0\" class=\"wprm-recipe-instruction\" style=\"list-style-type: decimal;\"><div class=\"wprm-recipe-instruction-text\" style=\"margin-bottom: 20px\">Preaquecer a fritadeira a 150 \u00baC durante 5 minutos.<\/div><\/li><li id=\"wprm-recipe-68959-step-0-1\" class=\"wprm-recipe-instruction\" style=\"list-style-type: decimal;\"><div class=\"wprm-recipe-instruction-text\" style=\"margin-bottom: 20px\">Colocar os ovos no fundo do cesto com muito cuidado e programar 8 minutos.<\/div><\/li><li id=\"wprm-recipe-68959-step-0-2\" class=\"wprm-recipe-instruction\" style=\"list-style-type: decimal;\"><div class=\"wprm-recipe-instruction-text\" style=\"margin-bottom: 20px\">Fechar o cesto e deixar o programa terminar sem retirar o cesto.<\/div><\/li><li id=\"wprm-recipe-68959-step-0-3\" class=\"wprm-recipe-instruction\" style=\"list-style-type: decimal;\"><div class=\"wprm-recipe-instruction-text\" style=\"margin-bottom: 20px\">Quando tiver terminado, transferir os ovos para uma tigela com \u00e1gua fria e gelo durante alguns minutos.<\/div><\/li><li id=\"wprm-recipe-68959-step-0-4\" class=\"wprm-recipe-instruction\" style=\"list-style-type: decimal;\"><div class=\"wprm-recipe-instruction-text\" style=\"margin-bottom: 20px\">Isto ir\u00e1 interromper o processo de cozedura, obtendo assim uns ovos perfeitos.<\/div><\/li><\/ul><\/div><\/div>\n        \n    <\/div>\n    \n    \n<\/div><\/div><\/div>","protected":false},"excerpt":{"rendered":"","protected":false},"author":1,"featured_media":69053,"comment_status":"open","ping_status":"open","sticky":false,"template":"","format":"standard","meta":{"wprm-recipe-roundup-name":[],"wprm-recipe-roundup-description":[],"loftocean_post_format_gallery":"","loftocean_post_format_gallery_ids":"","loftocean_post_format_gallery_urls":"","loftocean_post_format_video_id":0,"loftocean_post_format_video_url":"","loftocean_post_format_video_type":"","loftocean_post_format_video":"","loftocean_post_format_audio_type":"","loftocean_post_format_audio_url":"","loftocean_post_format_audio_id":0,"loftocean_post_format_audio":"","loftocean-featured-post":"","loftocean-like-count":0,"loftocean-view-count":1575,"tinysalt_single_post_intro_label":"","tinysalt_single_post_intro_description":"","tinysalt_hide_before_page_content_ad":"","tinysalt_hide_after_page_content_ad":"","tinysalt_hide_page_header":"","tinysalt_advanced_classname":"","footnotes":""},"categories":[28331,1455,28259,1414,2678],"tags":[],"class_list":["post-68958","post","type-post","status-publish","format-standard","has-post-thumbnail","hentry","category-acompanhamento","category-aperitivo","category-comida-mediterranea-pt","category-em-menos-de-15-min","category-fritadeira-sem-oleo"],"recipe":{"id":68959,"image_id":69053,"image_url":"https:\/\/www.create-store.com\/blog\/wp-content\/uploads\/2024\/07\/24.07.02_RECETARIO-22.jpeg","image_thumbnail_url":"https:\/\/www.create-store.com\/blog\/wp-content\/uploads\/2024\/07\/24.07.02_RECETARIO-22-150x150.jpeg","name":"OVOS","summary":"Uma fonte de prote\u00ednas presente na maioria das dietas devido \u00e0s suas propriedades, \u00e0 sua versatilidade, sabor e facilidade de prepara\u00e7\u00e3o. Neste caso, mostramos como os cozinhar com uma fritadeira de ar quente (sim, tamb\u00e9m \u00e9 poss\u00edvel). Uma fonte comum de prote\u00ednas na dieta da maioria das pessoas devido \u00e0s suas propriedades, \u00e0 sua versatilidade, sabor e facilidade de prepara\u00e7\u00e3o. Neste caso, mostramos como os cozinhar com uma fritadeira de ar quente (sim, tamb\u00e9m \u00e9 poss\u00edvel). ","author_name":"CREATE","author_link":"","servings":"0","servings_unit":"","prep_time":"5","cook_time":"8","custom_time":"0","custom_time_label":"","categories":[],"tags":[],"products":[{"id":26233,"name":"AIR FRYER STUDIO CRYSTAL","uid":0,"product_link":"https:\/\/www.create-store.com\/pt\/comprar-fritadeiras-a-vapor\/172243-air-fryer-mist-fritadeira-sem-oleo-42-l-com-vaporizador-de-agua.html?id_c=401494","product_image_url":"https:\/\/www.create-store.com\/blog\/wp-content\/uploads\/2025\/02\/air-fryer-mist-freidora-sin-aceite-42-l-con-vaporizador-de-agua.jpg"},{"id":27552,"name":"AIR FRYER DUAL","uid":1,"product_link":"https:\/\/www.create-store.com\/es\/comprar-freidoras-de-aire-dobles\/141380-air-fryer-dual-freidora-sin-aceite-10-l-con-separador.html?id_c=300105","product_image_url":"https:\/\/www.create-store.com\/blog\/wp-content\/uploads\/2024\/06\/air-fryer-dual-freidora-sin-aceite-10-l-con-separador.jpg"},{"id":25093,"name":"AIR FRYER PRO LARGE","uid":2,"product_link":"https:\/\/www.create-store.com\/pt\/comprar-fritadeiras-sem-oleo-grandes\/132703-air-fryer-pro-large-fritadeira-sem-oleo-62-l.html?id_c=275951","product_image_url":"https:\/\/www.create-store.com\/blog\/wp-content\/uploads\/2024\/06\/air-fryer-pro-large-freidora-sin-aceite-62-l.jpg"},{"id":5725,"name":"AIR FRYER COMPACT","uid":3,"product_link":"https:\/\/www.create-store.com\/pt\/comprar-fritadeira-sem-oleo\/52025-ikofry-healthly-pro-fritadeira-sem-oleo.html","product_image_url":"https:\/\/www.create-store.com\/blog\/wp-content\/uploads\/2024\/06\/air-fryer-pro-compact-freidora-sin-aceite-35-l.jpg"}],"ingredients":[{"ingredients":[{"amount":"","unit":"","name":"Ovos","notes":"suficientes para caberem no fundo da fritadeira sem se sobreporem","id":6958}],"name":""}],"instructions":[{"instructions":[{"name":"","text":"Preaquecer a fritadeira a 150 \u00baC durante 5 minutos.","image":0},{"name":"","text":"Colocar os ovos no fundo do cesto com muito cuidado e programar 8 minutos.","image":0},{"name":"","text":"Fechar o cesto e deixar o programa terminar sem retirar o cesto.","image":0},{"name":"","text":"Quando tiver terminado, transferir os ovos para uma tigela com \u00e1gua fria e gelo durante alguns minutos.","image":0},{"name":"","text":"Isto ir\u00e1 interromper o processo de cozedura, obtendo assim uns ovos perfeitos.","image":0}],"name":""}],"ingredients_flat":[{"amount":"","unit":"","name":"Ovos","notes":"suficientes para caberem no fundo da fritadeira sem se sobreporem","id":6958,"uid":0,"type":"ingredient"}],"instructions_flat":[{"name":"","text":"Preaquecer a fritadeira a 150 \u00baC durante 5 minutos.","image":0,"uid":0,"type":"instruction","image_url":""},{"name":"","text":"Colocar os ovos no fundo do cesto com muito cuidado e programar 8 minutos.","image":0,"uid":1,"type":"instruction","image_url":""},{"name":"","text":"Fechar o cesto e deixar o programa terminar sem retirar o cesto.","image":0,"uid":2,"type":"instruction","image_url":""},{"name":"","text":"Quando tiver terminado, transferir os ovos para uma tigela com \u00e1gua fria e gelo durante alguns minutos.","image":0,"uid":3,"type":"instruction","image_url":""},{"name":"","text":"Isto ir\u00e1 interromper o processo de cozedura, obtendo assim uns ovos perfeitos.","image":0,"uid":4,"type":"instruction","image_url":""}],"video_id":0,"video_embed":"","video_thumb_url":"https:\/\/www.create-store.com\/blog\/wp-content\/uploads\/2024\/07\/24.07.02_RECETARIO-22-150x150.jpeg","notes":""},"_links":{"self":[{"href":"https:\/\/www.create-store.com\/blog\/pt\/wp-json\/wp\/v2\/posts\/68958","targetHints":{"allow":["GET"]}}],"collection":[{"href":"https:\/\/www.create-store.com\/blog\/pt\/wp-json\/wp\/v2\/posts"}],"about":[{"href":"https:\/\/www.create-store.com\/blog\/pt\/wp-json\/wp\/v2\/types\/post"}],"author":[{"embeddable":true,"href":"https:\/\/www.create-store.com\/blog\/pt\/wp-json\/wp\/v2\/users\/1"}],"replies":[{"embeddable":true,"href":"https:\/\/www.create-store.com\/blog\/pt\/wp-json\/wp\/v2\/comments?post=68958"}],"version-history":[{"count":3,"href":"https:\/\/www.create-store.com\/blog\/pt\/wp-json\/wp\/v2\/posts\/68958\/revisions"}],"predecessor-version":[{"id":79690,"href":"https:\/\/www.create-store.com\/blog\/pt\/wp-json\/wp\/v2\/posts\/68958\/revisions\/79690"}],"wp:featuredmedia":[{"embeddable":true,"href":"https:\/\/www.create-store.com\/blog\/pt\/wp-json\/wp\/v2\/media\/69053"}],"wp:attachment":[{"href":"https:\/\/www.create-store.com\/blog\/pt\/wp-json\/wp\/v2\/media?parent=68958"}],"wp:term":[{"taxonomy":"category","embeddable":true,"href":"https:\/\/www.create-store.com\/blog\/pt\/wp-json\/wp\/v2\/categories?post=68958"},{"taxonomy":"post_tag","embeddable":true,"href":"https:\/\/www.create-store.com\/blog\/pt\/wp-json\/wp\/v2\/tags?post=68958"}],"curies":[{"name":"wp","href":"https:\/\/api.w.org\/{rel}","templated":true}]}}