{"id":68841,"date":"2024-07-22T15:56:04","date_gmt":"2024-07-22T13:56:04","guid":{"rendered":"https:\/\/www.create-store.com\/blog\/?p=68841"},"modified":"2025-09-17T13:49:42","modified_gmt":"2025-09-17T11:49:42","slug":"tarte-de-queijo-de-la-vina","status":"publish","type":"post","link":"https:\/\/www.create-store.com\/blog\/pt\/tarte-de-queijo-de-la-vina\/","title":{"rendered":"TARTE DE QUEIJO DE LA VI\u00d1A"},"content":{"rendered":"<div id=\"wprm-recipe-container-68842\" class=\"wprm-recipe-container\" data-recipe-id=\"68842\" data-servings=\"6\"><div class=\"wprm-recipe wprm-recipe-template-create-recipe\"><div class=\"wprm-recipe-template-ts-container\">\n    <div class=\"wprm-ts-top\">\n        <div class=\"wprm-recipe-block-container wprm-recipe-block-container-separated wprm-block-text-normal wprm-recipe-author-container\" style=\"\"><span class=\"wprm-recipe-details-label wprm-block-text-uppercase-faded wprm-recipe-author-label\">Realizada por<\/span><span class=\"wprm-recipe-details wprm-recipe-author wprm-block-text-normal\">CREATE<\/span><\/div>\n    <\/div>\n    \n    <div class=\"wprm-ts-header\">        \n        <div class=\"wprm-recipe-summary wprm-block-text-normal\">O exemplo perfeito de que n\u00e3o \u00e9 preciso usar muitos ingredientes para preparar uma sobremesa deliciosa. Suave, cremosa e origin\u00e1ria do restaurante La Vi\u00f1a, em San Sebasti\u00e1n, \u00e9 uma receita muito f\u00e1cil que pode ser preparada em casa. J\u00e1 sabe como \u00e9: para esta tarte de queijo sobra sempre um pouco de espa\u00e7o no est\u00f4mago.<\/div>\n    <\/div>\n    \n    <div class=\"wprm-ts-main-meta\">\n        <div class=\"wprm-recipe-block-container wprm-recipe-block-container-inline wprm-block-text-normal wprm-recipe-servings-container\" style=\"\"><span class=\"wprm-recipe-details-label wprm-block-text-bold wprm-recipe-servings-label\">Por\u00e7\u00f5es <\/span><span class=\"wprm-recipe-servings-with-unit\"><span class=\"wprm-recipe-servings wprm-recipe-details wprm-recipe-servings-68842 wprm-recipe-servings-adjustable-disabled wprm-block-text-normal\" data-recipe=\"68842\" aria-label=\"Adjust recipe servings\">6<\/span> <span class=\"wprm-recipe-servings-unit wprm-recipe-details-unit wprm-block-text-normal\">trocas<\/span><\/span><\/div>\n        <div class=\"wprm-recipe-meta-container wprm-recipe-times-container wprm-recipe-details-container wprm-recipe-details-container-inline wprm-block-text-normal\" style=\"\"><div class=\"wprm-recipe-block-container wprm-recipe-block-container-inline wprm-block-text-normal wprm-recipe-time-container wprm-recipe-prep-time-container\" style=\"\"><span class=\"wprm-recipe-details-label wprm-block-text-bold wprm-recipe-time-label wprm-recipe-prep-time-label\">Prep Time<\/span><span class=\"wprm-recipe-time wprm-block-text-normal\"><span class=\"wprm-recipe-details wprm-recipe-details-hours wprm-recipe-prep_time wprm-recipe-prep_time-hours\">7<\/span> <span class=\"wprm-recipe-details-unit wprm-recipe-details-unit-hours wprm-recipe-prep_time-unit wprm-recipe-prep_timeunit-hours\">hrs<\/span> <span class=\"wprm-recipe-details wprm-recipe-details-minutes wprm-recipe-prep_time wprm-recipe-prep_time-minutes\">20<\/span> <span class=\"wprm-recipe-details-unit wprm-recipe-details-minutes wprm-recipe-prep_time-unit wprm-recipe-prep_timeunit-minutes\">mins<\/span><\/span><\/div><\/div>\n    <\/div>\n    \n    <div class=\"wprm-ts-equipment\">\n        <div class=\"wprm-recipe-equipment-container wprm-block-text-normal\" data-recipe=\"68842\"><h3 class=\"wprm-recipe-header wprm-recipe-equipment-header wprm-block-text-bold wprm-align-left wprm-header-decoration-none\" style=\"\">Equipamentos para a sua prepara\u00e7\u00e3o<\/h3><div class=\"wprm-recipe-equipment wprm-recipe-equipment-images wprm-recipe-equipment-images-align-left\"><div class=\"wprm-recipe-equipment-item wprm-recipe-equipment-item-has-image\"><a href=\"https:\/\/www.create-store.com\/pt\/comprar-fritadeiras-a-vapor\/172243-air-fryer-mist-fritadeira-sem-oleo-42-l-com-vaporizador-de-agua.html?id_c=401494\" class=\"wprm-recipe-equipment-link\" target=\"_blank\"><div class=\"wprm-recipe-equipment-image\"><img loading=\"lazy\" decoding=\"async\" width=\"165\" height=\"165\" src=\"https:\/\/www.create-store.com\/blog\/wp-content\/uploads\/2025\/02\/air-fryer-mist-freidora-sin-aceite-42-l-con-vaporizador-de-agua-300x300.jpg\" class=\"attachment-165x165 size-165x165\" alt=\"\" srcset=\"https:\/\/www.create-store.com\/blog\/wp-content\/uploads\/2025\/02\/air-fryer-mist-freidora-sin-aceite-42-l-con-vaporizador-de-agua-300x300.jpg 300w, https:\/\/www.create-store.com\/blog\/wp-content\/uploads\/2025\/02\/air-fryer-mist-freidora-sin-aceite-42-l-con-vaporizador-de-agua-150x150.jpg 150w, https:\/\/www.create-store.com\/blog\/wp-content\/uploads\/2025\/02\/air-fryer-mist-freidora-sin-aceite-42-l-con-vaporizador-de-agua-500x500.jpg 500w, https:\/\/www.create-store.com\/blog\/wp-content\/uploads\/2025\/02\/air-fryer-mist-freidora-sin-aceite-42-l-con-vaporizador-de-agua-600x600.jpg 600w\" sizes=\"auto, (max-width: 165px) 100vw, 165px\" \/><\/div><div class=\"wprm-recipe-equipment-name\"><\/div><\/a><\/div><div class=\"wprm-recipe-equipment-item wprm-recipe-equipment-item-has-image\"><a href=\"https:\/\/www.create-store.com\/es\/comprar-freidoras-de-aire-dobles\/141380-air-fryer-dual-freidora-sin-aceite-10-l-con-separador.html?id_c=300105\" class=\"wprm-recipe-equipment-link\" target=\"_blank\"><div class=\"wprm-recipe-equipment-image\"><img loading=\"lazy\" decoding=\"async\" width=\"165\" height=\"165\" src=\"https:\/\/www.create-store.com\/blog\/wp-content\/uploads\/2024\/06\/air-fryer-dual-freidora-sin-aceite-10-l-con-separador-300x300.jpg\" class=\"attachment-165x165 size-165x165\" alt=\"\" srcset=\"https:\/\/www.create-store.com\/blog\/wp-content\/uploads\/2024\/06\/air-fryer-dual-freidora-sin-aceite-10-l-con-separador-300x300.jpg 300w, https:\/\/www.create-store.com\/blog\/wp-content\/uploads\/2024\/06\/air-fryer-dual-freidora-sin-aceite-10-l-con-separador-150x150.jpg 150w, https:\/\/www.create-store.com\/blog\/wp-content\/uploads\/2024\/06\/air-fryer-dual-freidora-sin-aceite-10-l-con-separador-500x500.jpg 500w, https:\/\/www.create-store.com\/blog\/wp-content\/uploads\/2024\/06\/air-fryer-dual-freidora-sin-aceite-10-l-con-separador-600x600.jpg 600w\" sizes=\"auto, (max-width: 165px) 100vw, 165px\" \/><\/div><div class=\"wprm-recipe-equipment-name\"><\/div><\/a><\/div><div class=\"wprm-recipe-equipment-item wprm-recipe-equipment-item-has-image\"><a href=\"https:\/\/www.create-store.com\/pt\/comprar-fritadeiras-sem-oleo-grandes\/132703-air-fryer-pro-large-fritadeira-sem-oleo-62-l.html?id_c=275951\" class=\"wprm-recipe-equipment-link\" target=\"_blank\"><div class=\"wprm-recipe-equipment-image\"><img loading=\"lazy\" decoding=\"async\" width=\"165\" height=\"165\" src=\"https:\/\/www.create-store.com\/blog\/wp-content\/uploads\/2024\/06\/air-fryer-pro-large-freidora-sin-aceite-62-l-300x300.jpg\" class=\"attachment-165x165 size-165x165\" alt=\"\" srcset=\"https:\/\/www.create-store.com\/blog\/wp-content\/uploads\/2024\/06\/air-fryer-pro-large-freidora-sin-aceite-62-l-300x300.jpg 300w, https:\/\/www.create-store.com\/blog\/wp-content\/uploads\/2024\/06\/air-fryer-pro-large-freidora-sin-aceite-62-l-150x150.jpg 150w, https:\/\/www.create-store.com\/blog\/wp-content\/uploads\/2024\/06\/air-fryer-pro-large-freidora-sin-aceite-62-l-500x500.jpg 500w, https:\/\/www.create-store.com\/blog\/wp-content\/uploads\/2024\/06\/air-fryer-pro-large-freidora-sin-aceite-62-l-600x600.jpg 600w\" sizes=\"auto, (max-width: 165px) 100vw, 165px\" \/><\/div><div class=\"wprm-recipe-equipment-name\"><\/div><\/a><\/div><div class=\"wprm-recipe-equipment-item wprm-recipe-equipment-item-has-image\"><a href=\"https:\/\/www.create-store.com\/pt\/comprar-fritadeira-sem-oleo\/52025-ikofry-healthly-pro-fritadeira-sem-oleo.html\" class=\"wprm-recipe-equipment-link\" target=\"_blank\"><div class=\"wprm-recipe-equipment-image\"><img loading=\"lazy\" decoding=\"async\" width=\"165\" height=\"165\" src=\"https:\/\/www.create-store.com\/blog\/wp-content\/uploads\/2024\/06\/air-fryer-pro-compact-freidora-sin-aceite-35-l-300x300.jpg\" class=\"attachment-165x165 size-165x165\" alt=\"\" srcset=\"https:\/\/www.create-store.com\/blog\/wp-content\/uploads\/2024\/06\/air-fryer-pro-compact-freidora-sin-aceite-35-l-300x300.jpg 300w, https:\/\/www.create-store.com\/blog\/wp-content\/uploads\/2024\/06\/air-fryer-pro-compact-freidora-sin-aceite-35-l-150x150.jpg 150w, https:\/\/www.create-store.com\/blog\/wp-content\/uploads\/2024\/06\/air-fryer-pro-compact-freidora-sin-aceite-35-l-500x500.jpg 500w, https:\/\/www.create-store.com\/blog\/wp-content\/uploads\/2024\/06\/air-fryer-pro-compact-freidora-sin-aceite-35-l-600x600.jpg 600w\" sizes=\"auto, (max-width: 165px) 100vw, 165px\" \/><\/div><div class=\"wprm-recipe-equipment-name\"><\/div><\/a><\/div><\/div><\/div>\n    <\/div>\n    \n    <div class=\"wprm-ts-equipment-ingredients\">\n        <div class=\"wprm-recipe-ingredients-container wprm-recipe-68842-ingredients-container wprm-block-text-normal wprm-ingredient-style-regular\" data-recipe=\"68842\" data-servings=\"6\"><h3 class=\"wprm-recipe-header wprm-recipe-ingredients-header wprm-block-text-bold wprm-align-left wprm-header-decoration-none\" style=\"\">Ingredientes<\/h3><div class=\"wprm-recipe-ingredient-group\"><ul class=\"wprm-recipe-ingredients\"><li class=\"wprm-recipe-ingredient\" style=\"list-style-type: disc;\"><span class=\"wprm-recipe-ingredient-amount\">430<\/span>&#32;<span class=\"wprm-recipe-ingredient-unit\">g<\/span>&#32;<span class=\"wprm-recipe-ingredient-name\">de queijo creme<\/span><\/li><li class=\"wprm-recipe-ingredient\" style=\"list-style-type: disc;\"><span class=\"wprm-recipe-ingredient-amount\">3<\/span>&#32;<span class=\"wprm-recipe-ingredient-name\">ovos L<\/span><\/li><li class=\"wprm-recipe-ingredient\" style=\"list-style-type: disc;\"><span class=\"wprm-recipe-ingredient-amount\">220<\/span>&#32;<span class=\"wprm-recipe-ingredient-unit\">ml<\/span>&#32;<span class=\"wprm-recipe-ingredient-name\">de natas ou creme de leite<\/span><\/li><li class=\"wprm-recipe-ingredient\" style=\"list-style-type: disc;\"><span class=\"wprm-recipe-ingredient-amount\">170<\/span>&#32;<span class=\"wprm-recipe-ingredient-unit\">g<\/span>&#32;<span class=\"wprm-recipe-ingredient-name\">de a\u00e7\u00facar<\/span><\/li><li class=\"wprm-recipe-ingredient\" style=\"list-style-type: disc;\"><span class=\"wprm-recipe-ingredient-amount\">10<\/span>&#32;<span class=\"wprm-recipe-ingredient-unit\">g<\/span>&#32;<span class=\"wprm-recipe-ingredient-name\">de farinha<\/span><\/li><li class=\"wprm-recipe-ingredient\" style=\"list-style-type: disc;\"><span class=\"wprm-recipe-ingredient-name\">Forma de 18 cm ou balde de 18 cm da fritadeira de ar quente<\/span><\/li><\/ul><\/div><\/div>\n    <\/div>\n    \n    <div class=\"wprm-ts-instructions\">\n        <div class=\"wprm-recipe-instructions-container wprm-block-text-normal\" data-recipe=\"68842\"><h3 class=\"wprm-recipe-header wprm-recipe-instructions-header wprm-block-text-bold wprm-align-left wprm-header-decoration-none\" style=\"\">Prepara\u00e7\u00e3o passo a passo<\/h3><div class=\"wprm-recipe-instruction-group\"><ul class=\"wprm-recipe-instructions\"><li id=\"wprm-recipe-68842-step-0-0\" class=\"wprm-recipe-instruction\" style=\"list-style-type: decimal;\"><div class=\"wprm-recipe-instruction-text\" style=\"margin-bottom: 20px\">Preaquecer a fritadeira durante 5 minutos a 200 \u00b0C.<\/div><\/li><li id=\"wprm-recipe-68842-step-0-1\" class=\"wprm-recipe-instruction\" style=\"list-style-type: decimal;\"><div class=\"wprm-recipe-instruction-text\" style=\"margin-bottom: 20px\">Entretanto, colocar todos os ingredientes numa tigela: queijo creme, natas, ovos e a\u00e7\u00facar branco, todos \u00e0 temperatura ambiente.<\/div><\/li><li id=\"wprm-recipe-68842-step-0-2\" class=\"wprm-recipe-instruction\" style=\"list-style-type: decimal;\"><div class=\"wprm-recipe-instruction-text\" style=\"margin-bottom: 20px\">Misturar muito bem todos os ingredientes com um batedor.<\/div><\/li><li id=\"wprm-recipe-68842-step-0-3\" class=\"wprm-recipe-instruction\" style=\"list-style-type: decimal;\"><div class=\"wprm-recipe-instruction-text\" style=\"margin-bottom: 20px\">Forrar o interior da forma com papel vegetal ou, se n\u00e3o tiver uma forma, colocar o papel diretamente no balde da fritadeira.<\/div><\/li><li id=\"wprm-recipe-68842-step-0-4\" class=\"wprm-recipe-instruction\" style=\"list-style-type: decimal;\"><div class=\"wprm-recipe-instruction-text\" style=\"margin-bottom: 20px\">Verter a mistura na forma e dar-lhe algumas pancadas secas para rebentar as bolhas.<\/div><\/li><li id=\"wprm-recipe-68842-step-0-5\" class=\"wprm-recipe-instruction\" style=\"list-style-type: decimal;\"><div class=\"wprm-recipe-instruction-text\" style=\"margin-bottom: 20px\">Cobrir a superf\u00edcie com folha de alum\u00ednio, fazer alguns furos e colocar a forma na fritadeira de ar.<\/div><\/li><li id=\"wprm-recipe-68842-step-0-6\" class=\"wprm-recipe-instruction\" style=\"list-style-type: decimal;\"><div class=\"wprm-recipe-instruction-text\" style=\"margin-bottom: 20px\">Programar a fritadeira a 170 \u00b0C durante 45 minutos.<\/div><\/li><li id=\"wprm-recipe-68842-step-0-7\" class=\"wprm-recipe-instruction\" style=\"list-style-type: decimal;\"><div class=\"wprm-recipe-instruction-text\" style=\"margin-bottom: 20px\">Ap\u00f3s este tempo, retirar o papel de alum\u00ednio e cozinhar a 200 \u00b0C durante mais 8 minutos para terminar a cozedura da tarte de queijo.<\/div><\/li><li id=\"wprm-recipe-68842-step-0-8\" class=\"wprm-recipe-instruction\" style=\"list-style-type: decimal;\"><div class=\"wprm-recipe-instruction-text\" style=\"margin-bottom: 20px\">Deixar a tarte repousar com o balde entreaberto durante 15 minutos e colocar no frigor\u00edfico durante, pelo menos, 6 horas.<\/div><\/li><li id=\"wprm-recipe-68842-step-0-9\" class=\"wprm-recipe-instruction\" style=\"list-style-type: decimal;\"><div class=\"wprm-recipe-instruction-text\" style=\"margin-bottom: 20px\">Desenformar a tarte antes de servir.<\/div><\/li><\/ul><\/div><\/div>\n        \n    <\/div>\n    \n    \n<\/div><\/div><\/div>","protected":false},"excerpt":{"rendered":"","protected":false},"author":1,"featured_media":69143,"comment_status":"open","ping_status":"open","sticky":false,"template":"","format":"standard","meta":{"wprm-recipe-roundup-name":[],"wprm-recipe-roundup-description":[],"loftocean_post_format_gallery":"","loftocean_post_format_gallery_ids":"","loftocean_post_format_gallery_urls":"","loftocean_post_format_video_id":0,"loftocean_post_format_video_url":"","loftocean_post_format_video_type":"","loftocean_post_format_video":"","loftocean_post_format_audio_type":"","loftocean_post_format_audio_url":"","loftocean_post_format_audio_id":0,"loftocean_post_format_audio":"","loftocean-featured-post":"","loftocean-like-count":0,"loftocean-view-count":2070,"tinysalt_single_post_intro_label":"","tinysalt_single_post_intro_description":"","tinysalt_hide_before_page_content_ad":"","tinysalt_hide_after_page_content_ad":"","tinysalt_hide_page_header":"","tinysalt_advanced_classname":"","footnotes":""},"categories":[2678,1461,710],"tags":[],"class_list":["post-68841","post","type-post","status-publish","format-standard","has-post-thumbnail","hentry","category-fritadeira-sem-oleo","category-sobremesas","category-vegetariano"],"recipe":{"id":68842,"image_id":69143,"image_url":"https:\/\/www.create-store.com\/blog\/wp-content\/uploads\/2024\/07\/24.07.02_RECETARIO-10.jpeg","image_thumbnail_url":"https:\/\/www.create-store.com\/blog\/wp-content\/uploads\/2024\/07\/24.07.02_RECETARIO-10-150x150.jpeg","name":"TARTE DE QUEIJO DE LA VI\u00d1A","summary":"O exemplo perfeito de que n\u00e3o \u00e9 preciso usar muitos ingredientes para preparar uma sobremesa deliciosa. Suave, cremosa e origin\u00e1ria do restaurante La Vi\u00f1a, em San Sebasti\u00e1n, \u00e9 uma receita muito f\u00e1cil que pode ser preparada em casa. J\u00e1 sabe como \u00e9: para esta tarte de queijo sobra sempre um pouco de espa\u00e7o no est\u00f4mago. ","author_name":"CREATE","author_link":"","servings":"6","servings_unit":"trocas","prep_time":"440","cook_time":"0","custom_time":"0","custom_time_label":"","categories":[],"tags":[],"products":[{"id":26233,"name":"AIR FRYER STUDIO CRYSTAL","uid":0,"product_link":"https:\/\/www.create-store.com\/pt\/comprar-fritadeiras-a-vapor\/172243-air-fryer-mist-fritadeira-sem-oleo-42-l-com-vaporizador-de-agua.html?id_c=401494","product_image_url":"https:\/\/www.create-store.com\/blog\/wp-content\/uploads\/2025\/02\/air-fryer-mist-freidora-sin-aceite-42-l-con-vaporizador-de-agua.jpg"},{"id":27552,"name":"AIR FRYER DUAL","uid":1,"product_link":"https:\/\/www.create-store.com\/es\/comprar-freidoras-de-aire-dobles\/141380-air-fryer-dual-freidora-sin-aceite-10-l-con-separador.html?id_c=300105","product_image_url":"https:\/\/www.create-store.com\/blog\/wp-content\/uploads\/2024\/06\/air-fryer-dual-freidora-sin-aceite-10-l-con-separador.jpg"},{"id":25093,"name":"AIR FRYER PRO LARGE","uid":2,"product_link":"https:\/\/www.create-store.com\/pt\/comprar-fritadeiras-sem-oleo-grandes\/132703-air-fryer-pro-large-fritadeira-sem-oleo-62-l.html?id_c=275951","product_image_url":"https:\/\/www.create-store.com\/blog\/wp-content\/uploads\/2024\/06\/air-fryer-pro-large-freidora-sin-aceite-62-l.jpg"},{"id":5725,"name":"AIR FRYER COMPACT","uid":3,"product_link":"https:\/\/www.create-store.com\/pt\/comprar-fritadeira-sem-oleo\/52025-ikofry-healthly-pro-fritadeira-sem-oleo.html","product_image_url":"https:\/\/www.create-store.com\/blog\/wp-content\/uploads\/2024\/06\/air-fryer-pro-compact-freidora-sin-aceite-35-l.jpg"}],"ingredients":[{"ingredients":[{"amount":"430","unit":"g","name":"de queijo creme","notes":"","id":25280},{"amount":"3","unit":"","name":"ovos L","notes":"","id":25499},{"amount":"220","unit":"ml","name":"de natas ou creme de leite","notes":"","id":25500},{"amount":"170","unit":"g","name":"de a\u00e7\u00facar","notes":"","id":8287},{"amount":"10","unit":"g","name":"de farinha","notes":"","id":7566},{"amount":"","unit":"","name":"Forma de 18 cm ou balde de 18 cm da fritadeira de ar quente","notes":"","id":25501}],"name":""}],"instructions":[{"instructions":[{"name":"","text":"Preaquecer a fritadeira durante 5 minutos a 200 \u00b0C.","image":0},{"name":"","text":"Entretanto, colocar todos os ingredientes numa tigela: queijo creme, natas, ovos e a\u00e7\u00facar branco, todos \u00e0 temperatura ambiente.","image":0},{"name":"","text":"Misturar muito bem todos os ingredientes com um batedor.","image":0},{"name":"","text":"Forrar o interior da forma com papel vegetal ou, se n\u00e3o tiver uma forma, colocar o papel diretamente no balde da fritadeira.","image":0},{"name":"","text":"Verter a mistura na forma e dar-lhe algumas pancadas secas para rebentar as bolhas.","image":0},{"name":"","text":"Cobrir a superf\u00edcie com folha de alum\u00ednio, fazer alguns furos e colocar a forma na fritadeira de ar.","image":0},{"name":"","text":"Programar a fritadeira a 170 \u00b0C durante 45 minutos.","image":0},{"name":"","text":"Ap\u00f3s este tempo, retirar o papel de alum\u00ednio e cozinhar a 200 \u00b0C durante mais 8 minutos para terminar a cozedura da tarte de queijo.","image":0},{"name":"","text":"Deixar a tarte repousar com o balde entreaberto durante 15 minutos e colocar no frigor\u00edfico durante, pelo menos, 6 horas.","image":0},{"name":"","text":"Desenformar a tarte antes de servir.","image":0}],"name":""}],"ingredients_flat":[{"amount":"430","unit":"g","name":"de queijo creme","notes":"","id":25280,"uid":0,"type":"ingredient"},{"amount":"3","unit":"","name":"ovos L","notes":"","id":25499,"uid":1,"type":"ingredient"},{"amount":"220","unit":"ml","name":"de natas ou creme de leite","notes":"","id":25500,"uid":2,"type":"ingredient"},{"amount":"170","unit":"g","name":"de a\u00e7\u00facar","notes":"","id":8287,"uid":3,"type":"ingredient"},{"amount":"10","unit":"g","name":"de farinha","notes":"","id":7566,"uid":4,"type":"ingredient"},{"amount":"","unit":"","name":"Forma de 18 cm ou balde de 18 cm da fritadeira de ar quente","notes":"","id":25501,"uid":5,"type":"ingredient"}],"instructions_flat":[{"name":"","text":"Preaquecer a fritadeira durante 5 minutos a 200 \u00b0C.","image":0,"uid":0,"type":"instruction","image_url":""},{"name":"","text":"Entretanto, colocar todos os ingredientes numa tigela: queijo creme, natas, ovos e a\u00e7\u00facar branco, todos \u00e0 temperatura ambiente.","image":0,"uid":1,"type":"instruction","image_url":""},{"name":"","text":"Misturar muito bem todos os ingredientes com um batedor.","image":0,"uid":2,"type":"instruction","image_url":""},{"name":"","text":"Forrar o interior da forma com papel vegetal ou, se n\u00e3o tiver uma forma, colocar o papel diretamente no balde da fritadeira.","image":0,"uid":3,"type":"instruction","image_url":""},{"name":"","text":"Verter a mistura na forma e dar-lhe algumas pancadas secas para rebentar as bolhas.","image":0,"uid":4,"type":"instruction","image_url":""},{"name":"","text":"Cobrir a superf\u00edcie com folha de alum\u00ednio, fazer alguns furos e colocar a forma na fritadeira de ar.","image":0,"uid":5,"type":"instruction","image_url":""},{"name":"","text":"Programar a fritadeira a 170 \u00b0C durante 45 minutos.","image":0,"uid":6,"type":"instruction","image_url":""},{"name":"","text":"Ap\u00f3s este tempo, retirar o papel de alum\u00ednio e cozinhar a 200 \u00b0C durante mais 8 minutos para terminar a cozedura da tarte de queijo.","image":0,"uid":7,"type":"instruction","image_url":""},{"name":"","text":"Deixar a tarte repousar com o balde entreaberto durante 15 minutos e colocar no frigor\u00edfico durante, pelo menos, 6 horas.","image":0,"uid":8,"type":"instruction","image_url":""},{"name":"","text":"Desenformar a tarte antes de servir.","image":0,"uid":9,"type":"instruction","image_url":""}],"video_id":0,"video_embed":"","video_thumb_url":"https:\/\/www.create-store.com\/blog\/wp-content\/uploads\/2024\/07\/24.07.02_RECETARIO-10-150x150.jpeg","notes":""},"_links":{"self":[{"href":"https:\/\/www.create-store.com\/blog\/pt\/wp-json\/wp\/v2\/posts\/68841","targetHints":{"allow":["GET"]}}],"collection":[{"href":"https:\/\/www.create-store.com\/blog\/pt\/wp-json\/wp\/v2\/posts"}],"about":[{"href":"https:\/\/www.create-store.com\/blog\/pt\/wp-json\/wp\/v2\/types\/post"}],"author":[{"embeddable":true,"href":"https:\/\/www.create-store.com\/blog\/pt\/wp-json\/wp\/v2\/users\/1"}],"replies":[{"embeddable":true,"href":"https:\/\/www.create-store.com\/blog\/pt\/wp-json\/wp\/v2\/comments?post=68841"}],"version-history":[{"count":2,"href":"https:\/\/www.create-store.com\/blog\/pt\/wp-json\/wp\/v2\/posts\/68841\/revisions"}],"predecessor-version":[{"id":76580,"href":"https:\/\/www.create-store.com\/blog\/pt\/wp-json\/wp\/v2\/posts\/68841\/revisions\/76580"}],"wp:featuredmedia":[{"embeddable":true,"href":"https:\/\/www.create-store.com\/blog\/pt\/wp-json\/wp\/v2\/media\/69143"}],"wp:attachment":[{"href":"https:\/\/www.create-store.com\/blog\/pt\/wp-json\/wp\/v2\/media?parent=68841"}],"wp:term":[{"taxonomy":"category","embeddable":true,"href":"https:\/\/www.create-store.com\/blog\/pt\/wp-json\/wp\/v2\/categories?post=68841"},{"taxonomy":"post_tag","embeddable":true,"href":"https:\/\/www.create-store.com\/blog\/pt\/wp-json\/wp\/v2\/tags?post=68841"}],"curies":[{"name":"wp","href":"https:\/\/api.w.org\/{rel}","templated":true}]}}