{"id":49376,"date":"2021-11-16T14:48:26","date_gmt":"2021-11-16T13:48:26","guid":{"rendered":"https:\/\/www.create-store.com\/blog\/?p=49376"},"modified":"2021-11-16T14:48:27","modified_gmt":"2021-11-16T13:48:27","slug":"maca-assada-envolvida-em-massa-folhada","status":"publish","type":"post","link":"https:\/\/www.create-store.com\/blog\/pt\/maca-assada-envolvida-em-massa-folhada\/","title":{"rendered":"Ma\u00e7\u00e3 assada envolvida em massa folhada"},"content":{"rendered":"<div id=\"wprm-recipe-container-49377\" class=\"wprm-recipe-container\" data-recipe-id=\"49377\" data-servings=\"2\"><div class=\"wprm-recipe wprm-recipe-template-create-recipe\"><div class=\"wprm-recipe-template-ts-container\">\n    <div class=\"wprm-ts-top\">\n        <div class=\"wprm-recipe-block-container wprm-recipe-block-container-separated wprm-block-text-normal wprm-recipe-author-container\" style=\"\"><span class=\"wprm-recipe-details-label wprm-block-text-uppercase-faded wprm-recipe-author-label\">Realizada por<\/span><span class=\"wprm-recipe-details wprm-recipe-author wprm-block-text-normal\"><a href=\"https:\/\/www.instagram.com\/lacucharazul\/?hl=es\" target=\"_blank\" rel=\"noopener\">@lacucharazul<\/a><\/span><\/div>\n    <\/div>\n    \n    <div class=\"wprm-ts-header\">        \n        <div class=\"wprm-recipe-summary wprm-block-text-normal\">As ma\u00e7\u00e3s assadas s\u00e3o um cl\u00e1ssico que por si s\u00f3 j\u00e1 s\u00e3o uma del\u00edcia. Mas, e se lhes dermos uns retoques e as transformarmos numa sobremesa suprema? \nPara isso, vamos envolv\u00ea-las em massa folhada e reche\u00e1-las com doce de leite e estar\u00e3o prontas em apenas 30\u2019. No momento de servir, pode acompanh\u00e1-las com uma bolinha de gelado de baunilha, uma colher de sopa de natas \u00e1cidas&#8230; Ficou convencida?<\/div>\n    <\/div>\n    \n    <div class=\"wprm-ts-main-meta\">\n        <div class=\"wprm-recipe-block-container wprm-recipe-block-container-inline wprm-block-text-normal wprm-recipe-servings-container\" style=\"\"><span class=\"wprm-recipe-details-label wprm-block-text-bold wprm-recipe-servings-label\">Por\u00e7\u00f5es <\/span><span class=\"wprm-recipe-servings-with-unit\"><span class=\"wprm-recipe-servings wprm-recipe-details wprm-recipe-servings-49377 wprm-recipe-servings-adjustable-disabled wprm-block-text-normal\" data-recipe=\"49377\" aria-label=\"Adjust recipe servings\">2<\/span> <span class=\"wprm-recipe-servings-unit wprm-recipe-details-unit wprm-block-text-normal\">pessoas<\/span><\/span><\/div>\n        <div class=\"wprm-recipe-meta-container wprm-recipe-times-container wprm-recipe-details-container wprm-recipe-details-container-inline wprm-block-text-normal\" style=\"\"><div class=\"wprm-recipe-block-container wprm-recipe-block-container-inline wprm-block-text-normal wprm-recipe-time-container wprm-recipe-prep-time-container\" style=\"\"><span class=\"wprm-recipe-details-label wprm-block-text-bold wprm-recipe-time-label wprm-recipe-prep-time-label\">Prep Time<\/span><span class=\"wprm-recipe-time wprm-block-text-normal\"><span class=\"wprm-recipe-details wprm-recipe-details-minutes wprm-recipe-prep_time wprm-recipe-prep_time-minutes\">38<\/span> <span class=\"wprm-recipe-details-unit wprm-recipe-details-minutes wprm-recipe-prep_time-unit wprm-recipe-prep_timeunit-minutes\">mins<\/span><\/span><\/div><div class=\"wprm-recipe-block-container wprm-recipe-block-container-inline wprm-block-text-normal wprm-recipe-time-container wprm-recipe-cook-time-container\" style=\"\"><span class=\"wprm-recipe-details-label wprm-block-text-bold wprm-recipe-time-label wprm-recipe-cook-time-label\">Tempo de cozedura<\/span><span class=\"wprm-recipe-time wprm-block-text-normal\"><span class=\"wprm-recipe-details wprm-recipe-details-minutes wprm-recipe-cook_time wprm-recipe-cook_time-minutes\">30<\/span> <span class=\"wprm-recipe-details-unit wprm-recipe-details-minutes wprm-recipe-cook_time-unit wprm-recipe-cook_timeunit-minutes\">mins<\/span><\/span><\/div><\/div>\n    <\/div>\n    \n    <div class=\"wprm-ts-equipment\">\n        <div class=\"wprm-recipe-equipment-container wprm-block-text-normal\" data-recipe=\"49377\"><h3 class=\"wprm-recipe-header wprm-recipe-equipment-header wprm-block-text-bold wprm-align-left wprm-header-decoration-none\" style=\"\">Equipamentos para a sua prepara\u00e7\u00e3o<\/h3><div class=\"wprm-recipe-equipment wprm-recipe-equipment-images wprm-recipe-equipment-images-align-left\"><div class=\"wprm-recipe-equipment-item wprm-recipe-equipment-item-has-image\"><a href=\"https:\/\/www.create-store.com\/pt\/comprar-fritadeira-sem-oleo\/52025-ikofry-healthly-pro-fritadeira-sem-oleo.html\" class=\"wprm-recipe-equipment-link\" target=\"_blank\"><div class=\"wprm-recipe-equipment-image\"><img loading=\"lazy\" decoding=\"async\" width=\"165\" height=\"165\" src=\"https:\/\/www.create-store.com\/blog\/wp-content\/uploads\/2024\/06\/air-fryer-pro-compact-freidora-sin-aceite-35-l-300x300.jpg\" class=\"attachment-165x165 size-165x165\" alt=\"\" srcset=\"https:\/\/www.create-store.com\/blog\/wp-content\/uploads\/2024\/06\/air-fryer-pro-compact-freidora-sin-aceite-35-l-300x300.jpg 300w, https:\/\/www.create-store.com\/blog\/wp-content\/uploads\/2024\/06\/air-fryer-pro-compact-freidora-sin-aceite-35-l-150x150.jpg 150w, https:\/\/www.create-store.com\/blog\/wp-content\/uploads\/2024\/06\/air-fryer-pro-compact-freidora-sin-aceite-35-l-500x500.jpg 500w, https:\/\/www.create-store.com\/blog\/wp-content\/uploads\/2024\/06\/air-fryer-pro-compact-freidora-sin-aceite-35-l-600x600.jpg 600w\" sizes=\"auto, (max-width: 165px) 100vw, 165px\" \/><\/div><div class=\"wprm-recipe-equipment-name\"><\/div><\/a><\/div><\/div><\/div>\n    <\/div>\n    \n    <div class=\"wprm-ts-equipment-ingredients\">\n        <div class=\"wprm-recipe-ingredients-container wprm-recipe-49377-ingredients-container wprm-block-text-normal wprm-ingredient-style-regular\" data-recipe=\"49377\" data-servings=\"2\"><h3 class=\"wprm-recipe-header wprm-recipe-ingredients-header wprm-block-text-bold wprm-align-left wprm-header-decoration-none\" style=\"\">Ingredientes<\/h3><div class=\"wprm-recipe-ingredient-group\"><ul class=\"wprm-recipe-ingredients\"><li class=\"wprm-recipe-ingredient\" style=\"list-style-type: disc;\"><span class=\"wprm-recipe-ingredient-name\">Ma\u00e7\u00e3                                         2 unidades<\/span><\/li><li class=\"wprm-recipe-ingredient\" style=\"list-style-type: disc;\"><span class=\"wprm-recipe-ingredient-name\">Massa folhada                                          \u00bd folha<\/span><\/li><li class=\"wprm-recipe-ingredient\" style=\"list-style-type: disc;\"><span class=\"wprm-recipe-ingredient-name\">A\u00e7\u00facar amarelo                                      30 g<\/span><\/li><li class=\"wprm-recipe-ingredient\" style=\"list-style-type: disc;\"><span class=\"wprm-recipe-ingredient-name\">Doce de leite                                60 g<\/span><\/li><li class=\"wprm-recipe-ingredient\" style=\"list-style-type: disc;\"><span class=\"wprm-recipe-ingredient-name\">Manteiga                                     1 colher de sobremesa<\/span><\/li><\/ul><\/div><\/div>\n    <\/div>\n    \n    <div class=\"wprm-ts-instructions\">\n        <div class=\"wprm-recipe-instructions-container wprm-block-text-normal\" data-recipe=\"49377\"><h3 class=\"wprm-recipe-header wprm-recipe-instructions-header wprm-block-text-bold wprm-align-left wprm-header-decoration-none\" style=\"\">Prepara\u00e7\u00e3o passo a passo<\/h3><div class=\"wprm-recipe-instruction-group\"><ul class=\"wprm-recipe-instructions\"><li id=\"wprm-recipe-49377-step-0-0\" class=\"wprm-recipe-instruction\" style=\"list-style-type: decimal;\"><div class=\"wprm-recipe-instruction-text\" style=\"margin-bottom: 20px\">Descasque as ma\u00e7\u00e3s e tire o caro\u00e7o.<\/div><\/li><li id=\"wprm-recipe-49377-step-0-1\" class=\"wprm-recipe-instruction\" style=\"list-style-type: decimal;\"><div class=\"wprm-recipe-instruction-text\" style=\"margin-bottom: 20px\">Numa tigela, coloque 30 g de a\u00e7\u00facar moreno e pane as ma\u00e7\u00e3s previamente humedecidas com \u00e1gua.<\/div><\/li><li id=\"wprm-recipe-49377-step-0-2\" class=\"wprm-recipe-instruction\" style=\"list-style-type: decimal;\"><div class=\"wprm-recipe-instruction-text\" style=\"margin-bottom: 20px\">Corte a massa folhada em 4 tiras. Rodeie cada ma\u00e7\u00e3 com duas tiras de massa folhada, cada uma cobrindo o orif\u00edcio do fundo para que o recheio n\u00e3o saia.<\/div><\/li><li id=\"wprm-recipe-49377-step-0-3\" class=\"wprm-recipe-instruction\" style=\"list-style-type: decimal;\"><div class=\"wprm-recipe-instruction-text\" style=\"margin-bottom: 20px\">Coloque 30 g de doce de leite no espa\u00e7o de cada ma\u00e7\u00e3. Adicione uns pedacinhos de manteiga sobre cada uma.<\/div><\/li><li id=\"wprm-recipe-49377-step-0-4\" class=\"wprm-recipe-instruction\" style=\"list-style-type: decimal;\"><div class=\"wprm-recipe-instruction-text\" style=\"margin-bottom: 20px\">Coloque as ma\u00e7\u00e3s numa bandeja apta para o forno (caso n\u00e3o tenha, use papel vegetal).<\/div><\/li><li id=\"wprm-recipe-49377-step-0-5\" class=\"wprm-recipe-instruction\" style=\"list-style-type: decimal;\"><div class=\"wprm-recipe-instruction-text\" style=\"margin-bottom: 20px\">Tire a frigideira da fritadeira e coloque as ma\u00e7\u00e3s no cesto. Coloque a frigideira na fritadeira e programe 170 \u00b0C durante 30 minutos.<\/div><\/li><\/ul><\/div><\/div>\n        \n    <\/div>\n    \n    \n<\/div><\/div><\/div>","protected":false},"excerpt":{"rendered":"","protected":false},"author":1,"featured_media":45634,"comment_status":"open","ping_status":"open","sticky":false,"template":"","format":"standard","meta":{"wprm-recipe-roundup-name":[],"wprm-recipe-roundup-description":[],"loftocean_post_format_gallery":"","loftocean_post_format_gallery_ids":"","loftocean_post_format_gallery_urls":"","loftocean_post_format_video_id":0,"loftocean_post_format_video_url":"","loftocean_post_format_video_type":"","loftocean_post_format_video":"","loftocean_post_format_audio_type":"","loftocean_post_format_audio_url":"","loftocean_post_format_audio_id":0,"loftocean_post_format_audio":"","loftocean-featured-post":"","loftocean-like-count":0,"loftocean-view-count":2289,"tinysalt_single_post_intro_label":"","tinysalt_single_post_intro_description":"","tinysalt_hide_before_page_content_ad":"","tinysalt_hide_after_page_content_ad":"","tinysalt_hide_page_header":"","tinysalt_advanced_classname":"","footnotes":""},"categories":[1454,1434,1363,2678,1443,1459,1403,1461,710],"tags":[],"class_list":["post-49376","post","type-post","status-publish","format-standard","has-post-thumbnail","hentry","category-por-tipo-de-prato","category-cozinha-internacional","category-dietas-pt","category-fritadeira-sem-oleo","category-pelo-producto","category-pequeno-almoco","category-por-tempo","category-sobremesas","category-vegetariano"],"recipe":{"id":49377,"image_id":45627,"image_url":"https:\/\/www.create-store.com\/blog\/wp-content\/uploads\/2021\/11\/manzana-asada-en-hojaldre.jpg","image_thumbnail_url":"https:\/\/www.create-store.com\/blog\/wp-content\/uploads\/2021\/11\/manzana-asada-en-hojaldre-150x150.jpg","name":"Ma\u00e7\u00e3 assada envolvida em massa folhada","summary":"As ma\u00e7\u00e3s assadas s\u00e3o um cl\u00e1ssico que por si s\u00f3 j\u00e1 s\u00e3o uma del\u00edcia. Mas, e se lhes dermos uns retoques e as transformarmos numa sobremesa suprema? \nPara isso, vamos envolv\u00ea-las em massa folhada e reche\u00e1-las com doce de leite e estar\u00e3o prontas em apenas 30\u2019. No momento de servir, pode acompanh\u00e1-las com uma bolinha de gelado de baunilha, uma colher de sopa de natas \u00e1cidas... Ficou convencida? ","author_name":"@lacucharazul","author_link":"https:\/\/www.instagram.com\/lacucharazul\/?hl=es","servings":"2","servings_unit":"pessoas","prep_time":"38","cook_time":"30","custom_time":"0","custom_time_label":"","categories":[{"term_id":1454,"name":"Por tipo de prato","slug":"por-tipo-de-prato","term_group":0,"term_taxonomy_id":1454,"taxonomy":"category","description":"","parent":0,"count":265,"filter":"raw","cat_ID":1454,"category_count":265,"category_description":"","cat_name":"Por tipo de prato","category_nicename":"por-tipo-de-prato","category_parent":0,"children":[{"term_id":1459,"name":"Pequeno-almo\u00e7o","slug":"pequeno-almoco","term_group":0,"term_taxonomy_id":1459,"taxonomy":"category","description":"","parent":1454,"count":99,"filter":"raw","cat_ID":1459,"category_count":99,"category_description":"","cat_name":"Pequeno-almo\u00e7o","category_nicename":"pequeno-almoco","category_parent":1454},{"term_id":1461,"name":"Sobremesas","slug":"sobremesas","term_group":0,"term_taxonomy_id":1461,"taxonomy":"category","description":"","parent":1454,"count":131,"filter":"raw","cat_ID":1461,"category_count":131,"category_description":"","cat_name":"Sobremesas","category_nicename":"sobremesas","category_parent":1454}]},{"term_id":1434,"name":"Cozinha internacional","slug":"cozinha-internacional","term_group":0,"term_taxonomy_id":1434,"taxonomy":"category","description":"","parent":0,"count":207,"filter":"raw","cat_ID":1434,"category_count":207,"category_description":"","cat_name":"Cozinha internacional","category_nicename":"cozinha-internacional","category_parent":0,"children":[]},{"term_id":1363,"name":"Dietas","slug":"dietas-pt","term_group":0,"term_taxonomy_id":1363,"taxonomy":"category","description":"","parent":0,"count":256,"filter":"raw","cat_ID":1363,"category_count":256,"category_description":"","cat_name":"Dietas","category_nicename":"dietas-pt","category_parent":0,"children":[{"term_id":710,"name":"Vegetariano","slug":"vegetariano","term_group":0,"term_taxonomy_id":710,"taxonomy":"category","description":"","parent":1363,"count":271,"filter":"raw","cat_ID":710,"category_count":271,"category_description":"","cat_name":"Vegetariano","category_nicename":"vegetariano","category_parent":1363}]},{"term_id":1443,"name":"Pelo producto","slug":"pelo-producto","term_group":0,"term_taxonomy_id":1443,"taxonomy":"category","description":"","parent":0,"count":259,"filter":"raw","cat_ID":1443,"category_count":259,"category_description":"","cat_name":"Pelo producto","category_nicename":"pelo-producto","category_parent":0,"children":[{"term_id":2678,"name":"Fritadeira sem \u00d3leo","slug":"fritadeira-sem-oleo","term_group":0,"term_taxonomy_id":2678,"taxonomy":"category","description":"","parent":1443,"count":81,"filter":"raw","cat_ID":2678,"category_count":81,"category_description":"","cat_name":"Fritadeira sem \u00d3leo","category_nicename":"fritadeira-sem-oleo","category_parent":1443}]},{"term_id":1403,"name":"Por tempo de prepara\u00e7\u00e3o","slug":"por-tempo","term_group":0,"term_taxonomy_id":1403,"taxonomy":"category","description":"","parent":0,"count":229,"filter":"raw","cat_ID":1403,"category_count":229,"category_description":"","cat_name":"Por tempo de prepara\u00e7\u00e3o","category_nicename":"por-tempo","category_parent":0,"children":[]}],"tags":[],"products":[{"id":5725,"name":"AIR FRYER COMPACT","uid":0,"product_link":"https:\/\/www.create-store.com\/pt\/comprar-fritadeira-sem-oleo\/52025-ikofry-healthly-pro-fritadeira-sem-oleo.html","product_image_url":"https:\/\/www.create-store.com\/blog\/wp-content\/uploads\/2024\/06\/air-fryer-pro-compact-freidora-sin-aceite-35-l.jpg"}],"ingredients":[{"ingredients":[{"amount":"","unit":"","name":"Ma\u00e7\u00e3                                         2 unidades","notes":"","id":18065},{"amount":"","unit":"","name":"Massa folhada                                          \u00bd folha","notes":"","id":18066},{"amount":"","unit":"","name":"A\u00e7\u00facar amarelo                                      30 g","notes":"","id":18067},{"amount":"","unit":"","name":"Doce de leite                                60 g","notes":"","id":18068},{"amount":"","unit":"","name":"Manteiga                                     1 colher de sobremesa","notes":"","id":18069}],"name":""}],"instructions":[{"instructions":[{"name":"","text":"Descasque as ma\u00e7\u00e3s e tire o caro\u00e7o.","image":0},{"name":"","text":"Numa tigela, coloque 30 g de a\u00e7\u00facar moreno e pane as ma\u00e7\u00e3s previamente humedecidas com \u00e1gua.","image":0},{"name":"","text":"Corte a massa folhada em 4 tiras. Rodeie cada ma\u00e7\u00e3 com duas tiras de massa folhada, cada uma cobrindo o orif\u00edcio do fundo para que o recheio n\u00e3o saia.","image":0},{"name":"","text":"Coloque 30 g de doce de leite no espa\u00e7o de cada ma\u00e7\u00e3. Adicione uns pedacinhos de manteiga sobre cada uma.","image":0},{"name":"","text":"Coloque as ma\u00e7\u00e3s numa bandeja apta para o forno (caso n\u00e3o tenha, use papel vegetal).","image":0},{"name":"","text":"Tire a frigideira da fritadeira e coloque as ma\u00e7\u00e3s no cesto. Coloque a frigideira na fritadeira e programe 170 \u00b0C durante 30 minutos.","image":0}],"name":""}],"ingredients_flat":[{"amount":"","unit":"","name":"Ma\u00e7\u00e3                                         2 unidades","notes":"","id":18065,"uid":0,"type":"ingredient"},{"amount":"","unit":"","name":"Massa folhada                                          \u00bd folha","notes":"","id":18066,"uid":1,"type":"ingredient"},{"amount":"","unit":"","name":"A\u00e7\u00facar amarelo                                      30 g","notes":"","id":18067,"uid":2,"type":"ingredient"},{"amount":"","unit":"","name":"Doce de leite                                60 g","notes":"","id":18068,"uid":3,"type":"ingredient"},{"amount":"","unit":"","name":"Manteiga                                     1 colher de sobremesa","notes":"","id":18069,"uid":4,"type":"ingredient"}],"instructions_flat":[{"name":"","text":"Descasque as ma\u00e7\u00e3s e tire o caro\u00e7o.","image":0,"uid":0,"type":"instruction","image_url":""},{"name":"","text":"Numa tigela, coloque 30 g de a\u00e7\u00facar moreno e pane as ma\u00e7\u00e3s previamente humedecidas com \u00e1gua.","image":0,"uid":1,"type":"instruction","image_url":""},{"name":"","text":"Corte a massa folhada em 4 tiras. Rodeie cada ma\u00e7\u00e3 com duas tiras de massa folhada, cada uma cobrindo o orif\u00edcio do fundo para que o recheio n\u00e3o saia.","image":0,"uid":2,"type":"instruction","image_url":""},{"name":"","text":"Coloque 30 g de doce de leite no espa\u00e7o de cada ma\u00e7\u00e3. Adicione uns pedacinhos de manteiga sobre cada uma.","image":0,"uid":3,"type":"instruction","image_url":""},{"name":"","text":"Coloque as ma\u00e7\u00e3s numa bandeja apta para o forno (caso n\u00e3o tenha, use papel vegetal).","image":0,"uid":4,"type":"instruction","image_url":""},{"name":"","text":"Tire a frigideira da fritadeira e coloque as ma\u00e7\u00e3s no cesto. Coloque a frigideira na fritadeira e programe 170 \u00b0C durante 30 minutos.","image":0,"uid":5,"type":"instruction","image_url":""}],"video_id":0,"video_embed":"","video_thumb_url":"https:\/\/www.create-store.com\/blog\/wp-content\/uploads\/2021\/11\/manzana-asada-en-hojaldre-150x150.jpg","notes":""},"_links":{"self":[{"href":"https:\/\/www.create-store.com\/blog\/pt\/wp-json\/wp\/v2\/posts\/49376","targetHints":{"allow":["GET"]}}],"collection":[{"href":"https:\/\/www.create-store.com\/blog\/pt\/wp-json\/wp\/v2\/posts"}],"about":[{"href":"https:\/\/www.create-store.com\/blog\/pt\/wp-json\/wp\/v2\/types\/post"}],"author":[{"embeddable":true,"href":"https:\/\/www.create-store.com\/blog\/pt\/wp-json\/wp\/v2\/users\/1"}],"replies":[{"embeddable":true,"href":"https:\/\/www.create-store.com\/blog\/pt\/wp-json\/wp\/v2\/comments?post=49376"}],"version-history":[{"count":1,"href":"https:\/\/www.create-store.com\/blog\/pt\/wp-json\/wp\/v2\/posts\/49376\/revisions"}],"predecessor-version":[{"id":49379,"href":"https:\/\/www.create-store.com\/blog\/pt\/wp-json\/wp\/v2\/posts\/49376\/revisions\/49379"}],"wp:featuredmedia":[{"embeddable":true,"href":"https:\/\/www.create-store.com\/blog\/pt\/wp-json\/wp\/v2\/media\/45634"}],"wp:attachment":[{"href":"https:\/\/www.create-store.com\/blog\/pt\/wp-json\/wp\/v2\/media?parent=49376"}],"wp:term":[{"taxonomy":"category","embeddable":true,"href":"https:\/\/www.create-store.com\/blog\/pt\/wp-json\/wp\/v2\/categories?post=49376"},{"taxonomy":"post_tag","embeddable":true,"href":"https:\/\/www.create-store.com\/blog\/pt\/wp-json\/wp\/v2\/tags?post=49376"}],"curies":[{"name":"wp","href":"https:\/\/api.w.org\/{rel}","templated":true}]}}