{"id":14950,"date":"2021-04-29T13:29:47","date_gmt":"2021-04-29T11:29:47","guid":{"rendered":"https:\/\/www.ikohs.com\/es\/blog\/?p=14950"},"modified":"2021-05-07T09:49:29","modified_gmt":"2021-05-07T07:49:29","slug":"beringelas-crunchy","status":"publish","type":"post","link":"https:\/\/www.create-store.com\/blog\/pt\/beringelas-crunchy\/","title":{"rendered":"Beringelas crunchy"},"content":{"rendered":"<div id=\"wprm-recipe-container-14995\" class=\"wprm-recipe-container\" data-recipe-id=\"14995\" data-servings=\"2\"><div class=\"wprm-recipe wprm-recipe-template-create-recipe\"><div class=\"wprm-recipe-template-ts-container\">\n    <div class=\"wprm-ts-top\">\n        <div class=\"wprm-recipe-block-container wprm-recipe-block-container-separated wprm-block-text-normal wprm-recipe-author-container\" style=\"\"><span class=\"wprm-recipe-details-label wprm-block-text-uppercase-faded wprm-recipe-author-label\">Realizada por<\/span><span class=\"wprm-recipe-details wprm-recipe-author wprm-block-text-normal\"><a href=\"https:\/\/www.instagram.com\/the_healthy__foodie\/\" target=\"_blank\" rel=\"noopener\">@the_healthy_foodie<\/a><\/span><\/div>\n    <\/div>\n    \n    <div class=\"wprm-ts-header\">        \n        <div class=\"wprm-recipe-summary wprm-block-text-normal\"><span style=\"display: block;\">A beringela \u00e9 outro vegetal que, juntamente com a aboborinha, temos podido desfrutar durante todo o ano durante muito tempo. \u00c9 muito saboroso e tem uma versatilidade que lhe permite ser preparado de diferentes maneiras. Aqui apresentamos um deles, espero que o apreciem.<\/span><\/div>\n    <\/div>\n    \n    <div class=\"wprm-ts-main-meta\">\n        <div class=\"wprm-recipe-block-container wprm-recipe-block-container-inline wprm-block-text-normal wprm-recipe-servings-container\" style=\"\"><span class=\"wprm-recipe-details-label wprm-block-text-bold wprm-recipe-servings-label\">Por\u00e7\u00f5es <\/span><span class=\"wprm-recipe-servings-with-unit\"><span class=\"wprm-recipe-servings wprm-recipe-details wprm-recipe-servings-14995 wprm-recipe-servings-adjustable-disabled wprm-block-text-normal\" data-recipe=\"14995\" aria-label=\"Adjust recipe servings\">2<\/span> <span class=\"wprm-recipe-servings-unit wprm-recipe-details-unit wprm-block-text-normal\">pessoas<\/span><\/span><\/div>\n        <div class=\"wprm-recipe-meta-container wprm-recipe-times-container wprm-recipe-details-container wprm-recipe-details-container-inline wprm-block-text-normal\" style=\"\"><div class=\"wprm-recipe-block-container wprm-recipe-block-container-inline wprm-block-text-normal wprm-recipe-time-container wprm-recipe-prep-time-container\" style=\"\"><span class=\"wprm-recipe-details-label wprm-block-text-bold wprm-recipe-time-label wprm-recipe-prep-time-label\">Prep Time<\/span><span class=\"wprm-recipe-time wprm-block-text-normal\"><span class=\"wprm-recipe-details wprm-recipe-details-minutes wprm-recipe-prep_time wprm-recipe-prep_time-minutes\">30<\/span> <span class=\"wprm-recipe-details-unit wprm-recipe-details-minutes wprm-recipe-prep_time-unit wprm-recipe-prep_timeunit-minutes\">mins<\/span><\/span><\/div><div class=\"wprm-recipe-block-container wprm-recipe-block-container-inline wprm-block-text-normal wprm-recipe-time-container wprm-recipe-cook-time-container\" style=\"\"><span class=\"wprm-recipe-details-label wprm-block-text-bold wprm-recipe-time-label wprm-recipe-cook-time-label\">Tempo de cozedura<\/span><span class=\"wprm-recipe-time wprm-block-text-normal\"><span class=\"wprm-recipe-details wprm-recipe-details-minutes wprm-recipe-cook_time wprm-recipe-cook_time-minutes\">7<\/span> <span class=\"wprm-recipe-details-unit wprm-recipe-details-minutes wprm-recipe-cook_time-unit wprm-recipe-cook_timeunit-minutes\">mins<\/span><\/span><\/div><\/div>\n    <\/div>\n    \n    <div class=\"wprm-ts-equipment\">\n        <div class=\"wprm-recipe-equipment-container wprm-block-text-normal\" data-recipe=\"14995\"><h3 class=\"wprm-recipe-header wprm-recipe-equipment-header wprm-block-text-bold wprm-align-left wprm-header-decoration-none\" style=\"\">Equipamentos para a sua prepara\u00e7\u00e3o<\/h3><div class=\"wprm-recipe-equipment wprm-recipe-equipment-images wprm-recipe-equipment-images-align-left\"><div class=\"wprm-recipe-equipment-item wprm-recipe-equipment-item-has-image\"><a href=\"https:\/\/www.create-store.com\/pt\/comprar-fritadeira-sem-oleo\/10843-fryer-air-fritadeira-sem-oleo.html\" class=\"wprm-recipe-equipment-link\" target=\"_blank\"><div class=\"wprm-recipe-equipment-image\"><img loading=\"lazy\" decoding=\"async\" width=\"165\" height=\"165\" src=\"https:\/\/www.create-store.com\/blog\/wp-content\/uploads\/2024\/06\/air-fryer-freidora-sin-aceite-15-l-300x300.jpg\" class=\"attachment-165x165 size-165x165\" alt=\"\" srcset=\"https:\/\/www.create-store.com\/blog\/wp-content\/uploads\/2024\/06\/air-fryer-freidora-sin-aceite-15-l-300x300.jpg 300w, https:\/\/www.create-store.com\/blog\/wp-content\/uploads\/2024\/06\/air-fryer-freidora-sin-aceite-15-l-150x150.jpg 150w, https:\/\/www.create-store.com\/blog\/wp-content\/uploads\/2024\/06\/air-fryer-freidora-sin-aceite-15-l-500x500.jpg 500w, https:\/\/www.create-store.com\/blog\/wp-content\/uploads\/2024\/06\/air-fryer-freidora-sin-aceite-15-l-600x600.jpg 600w\" sizes=\"auto, (max-width: 165px) 100vw, 165px\" \/><\/div><div class=\"wprm-recipe-equipment-name\"><\/div><\/a><\/div><div class=\"wprm-recipe-equipment-item wprm-recipe-equipment-item-has-image\"><a href=\"https:\/\/www.create-store.com\/pt\/comprar-fritadeira-sem-oleo\/52025-ikofry-healthly-pro-fritadeira-sem-oleo.html\" class=\"wprm-recipe-equipment-link\" target=\"_blank\"><div class=\"wprm-recipe-equipment-image\"><img loading=\"lazy\" decoding=\"async\" width=\"165\" height=\"165\" src=\"https:\/\/www.create-store.com\/blog\/wp-content\/uploads\/2024\/06\/air-fryer-pro-compact-freidora-sin-aceite-35-l-300x300.jpg\" class=\"attachment-165x165 size-165x165\" alt=\"\" srcset=\"https:\/\/www.create-store.com\/blog\/wp-content\/uploads\/2024\/06\/air-fryer-pro-compact-freidora-sin-aceite-35-l-300x300.jpg 300w, https:\/\/www.create-store.com\/blog\/wp-content\/uploads\/2024\/06\/air-fryer-pro-compact-freidora-sin-aceite-35-l-150x150.jpg 150w, https:\/\/www.create-store.com\/blog\/wp-content\/uploads\/2024\/06\/air-fryer-pro-compact-freidora-sin-aceite-35-l-500x500.jpg 500w, https:\/\/www.create-store.com\/blog\/wp-content\/uploads\/2024\/06\/air-fryer-pro-compact-freidora-sin-aceite-35-l-600x600.jpg 600w\" sizes=\"auto, (max-width: 165px) 100vw, 165px\" \/><\/div><div class=\"wprm-recipe-equipment-name\"><\/div><\/a><\/div><\/div><\/div>\n    <\/div>\n    \n    <div class=\"wprm-ts-equipment-ingredients\">\n        <div class=\"wprm-recipe-ingredients-container wprm-recipe-14995-ingredients-container wprm-block-text-normal wprm-ingredient-style-regular\" data-recipe=\"14995\" data-servings=\"2\"><h3 class=\"wprm-recipe-header wprm-recipe-ingredients-header wprm-block-text-bold wprm-align-left wprm-header-decoration-none\" style=\"\">Ingredientes<\/h3><div class=\"wprm-recipe-ingredient-group\"><ul class=\"wprm-recipe-ingredients\"><li class=\"wprm-recipe-ingredient\" style=\"list-style-type: disc;\"><span class=\"wprm-recipe-ingredient-amount\">1<\/span>&#32;<span class=\"wprm-recipe-ingredient-name\">beringela grande<\/span>&#32;<span class=\"wprm-recipe-ingredient-notes wprm-recipe-ingredient-notes-normal\">(350 gr. aprox)<\/span><\/li><li class=\"wprm-recipe-ingredient\" style=\"list-style-type: disc;\"><span class=\"wprm-recipe-ingredient-amount\">120<\/span>&#32;<span class=\"wprm-recipe-ingredient-unit\">gr.<\/span>&#32;<span class=\"wprm-recipe-ingredient-name\">de colher de sopa almendra mo\u00edda ou farinha de almendra<\/span><\/li><li class=\"wprm-recipe-ingredient\" style=\"list-style-type: disc;\"><span class=\"wprm-recipe-ingredient-name\">Azeite de oliva virgem extra.<\/span><\/li><li class=\"wprm-recipe-ingredient\" style=\"list-style-type: disc;\"><span class=\"wprm-recipe-ingredient-name\">Agua fri\u0301a.<\/span><\/li><li class=\"wprm-recipe-ingredient\" style=\"list-style-type: disc;\"><span class=\"wprm-recipe-ingredient-name\">Sal de escamas.<\/span><\/li><li class=\"wprm-recipe-ingredient\" style=\"list-style-type: disc;\"><span class=\"wprm-recipe-ingredient-name\">Mel cru.<\/span><\/li><\/ul><\/div><\/div>\n    <\/div>\n    \n    <div class=\"wprm-ts-instructions\">\n        <div class=\"wprm-recipe-instructions-container wprm-block-text-normal\" data-recipe=\"14995\"><h3 class=\"wprm-recipe-header wprm-recipe-instructions-header wprm-block-text-bold wprm-align-left wprm-header-decoration-none\" style=\"\">Prepara\u00e7\u00e3o passo a passo<\/h3><div class=\"wprm-recipe-instruction-group\"><ul class=\"wprm-recipe-instructions\"><li id=\"wprm-recipe-14995-step-0-0\" class=\"wprm-recipe-instruction\" style=\"list-style-type: decimal;\"><div class=\"wprm-recipe-instruction-text\" style=\"margin-bottom: 20px\">Cortar a beringela em palitos. Encher uma tigela com \u00e1gua e sal e mergulhar a beringela durante 10 minutos para tirar o amargor.<\/div><\/li><li id=\"wprm-recipe-14995-step-0-1\" class=\"wprm-recipe-instruction\" style=\"list-style-type: decimal;\"><div class=\"wprm-recipe-instruction-text\" style=\"margin-bottom: 20px\">Ap\u00f3s esse tempo, deitar fora a \u00e1gua (tendr\u00e1\u0301 uma cor castanha). Encher novamente a tigela de \u00e1gua. Mergulhar os palitos da beringela durante 2 minutos.<\/div><\/li><li id=\"wprm-recipe-14995-step-0-2\" class=\"wprm-recipe-instruction\" style=\"list-style-type: decimal;\"><div class=\"wprm-recipe-instruction-text\" style=\"margin-bottom: 20px\">Depois desse tempo. Acrescentar a am\u00eandoa mo\u00edda a um prato e molhar cada palito na am\u00eandoa.<\/div><\/li><li id=\"wprm-recipe-14995-step-0-3\" class=\"wprm-recipe-instruction\" style=\"list-style-type: decimal;\"><div class=\"wprm-recipe-instruction-text\" style=\"margin-bottom: 20px\">Quando todos os pauzinhos de beringela estiverem empanados . Coloc\u00e1-los na fritadeira e pulverizar azeite virgem extra em cima. Cozinhar durante 7 minutos a 200 gr.<\/div><\/li><li id=\"wprm-recipe-14995-step-0-4\" class=\"wprm-recipe-instruction\" style=\"list-style-type: decimal;\"><div class=\"wprm-recipe-instruction-text\" style=\"margin-bottom: 20px\">Derreter o mel cru no microondas durante 30 segundos para colocar na beringela de molho.<\/div><\/li><\/ul><\/div><\/div>\n        \n    <\/div>\n    \n    \n<\/div><\/div><\/div>","protected":false},"excerpt":{"rendered":"","protected":false},"author":1,"featured_media":14947,"comment_status":"open","ping_status":"open","sticky":false,"template":"","format":"standard","meta":{"wprm-recipe-roundup-name":[],"wprm-recipe-roundup-description":[],"loftocean_post_format_gallery":"","loftocean_post_format_gallery_ids":"","loftocean_post_format_gallery_urls":"","loftocean_post_format_video_id":0,"loftocean_post_format_video_url":"","loftocean_post_format_video_type":"","loftocean_post_format_video":"","loftocean_post_format_audio_type":"","loftocean_post_format_audio_url":"","loftocean_post_format_audio_id":0,"loftocean_post_format_audio":"","loftocean-featured-post":"","loftocean-like-count":1,"loftocean-view-count":3091,"tinysalt_single_post_intro_label":"","tinysalt_single_post_intro_description":"","tinysalt_hide_before_page_content_ad":"","tinysalt_hide_after_page_content_ad":"","tinysalt_hide_page_header":"","tinysalt_advanced_classname":"","footnotes":""},"categories":[1455,1434,1363,2678,1443,1403,1454,1384,2109,710],"tags":[3707,3901],"class_list":["post-14950","post","type-post","status-publish","format-standard","has-post-thumbnail","hentry","category-aperitivo","category-cozinha-internacional","category-dietas-pt","category-fritadeira-sem-oleo","category-pelo-producto","category-por-tempo","category-por-tipo-de-prato","category-sem-gluten","category-vegano-pt","category-vegetariano","tag-farinha-de-amendoa","tag-mel"],"recipe":{"id":14995,"image_id":14947,"image_url":"https:\/\/www.create-store.com\/blog\/wp-content\/uploads\/2020\/12\/Berenjena-Crunchy.jpg","image_thumbnail_url":"https:\/\/www.create-store.com\/blog\/wp-content\/uploads\/2020\/12\/Berenjena-Crunchy-150x150.jpg","name":"Beringelas crunchy","summary":"<p>A beringela \u00e9 outro vegetal que, juntamente com a aboborinha, temos podido desfrutar durante todo o ano durante muito tempo. \u00c9 muito saboroso e tem uma versatilidade que lhe permite ser preparado de diferentes maneiras. Aqui apresentamos um deles, espero que o apreciem.<\/p>","author_name":"@the_healthy_foodie","author_link":"https:\/\/www.instagram.com\/the_healthy__foodie\/","servings":"2","servings_unit":"pessoas","prep_time":"30","cook_time":"7","custom_time":"0","custom_time_label":"","categories":[{"term_id":1434,"name":"Cozinha internacional","slug":"cozinha-internacional","term_group":0,"term_taxonomy_id":1434,"taxonomy":"category","description":"","parent":0,"count":207,"filter":"raw","cat_ID":1434,"category_count":207,"category_description":"","cat_name":"Cozinha internacional","category_nicename":"cozinha-internacional","category_parent":0,"children":[]},{"term_id":1363,"name":"Dietas","slug":"dietas-pt","term_group":0,"term_taxonomy_id":1363,"taxonomy":"category","description":"","parent":0,"count":256,"filter":"raw","cat_ID":1363,"category_count":256,"category_description":"","cat_name":"Dietas","category_nicename":"dietas-pt","category_parent":0,"children":[{"term_id":1384,"name":"Sem gl\u00faten","slug":"sem-gluten","term_group":0,"term_taxonomy_id":1384,"taxonomy":"category","description":"","parent":1363,"count":244,"filter":"raw","cat_ID":1384,"category_count":244,"category_description":"","cat_name":"Sem gl\u00faten","category_nicename":"sem-gluten","category_parent":1363},{"term_id":2109,"name":"Vegano","slug":"vegano-pt","term_group":0,"term_taxonomy_id":2109,"taxonomy":"category","description":"","parent":1363,"count":178,"filter":"raw","cat_ID":2109,"category_count":178,"category_description":"","cat_name":"Vegano","category_nicename":"vegano-pt","category_parent":1363},{"term_id":710,"name":"Vegetariano","slug":"vegetariano","term_group":0,"term_taxonomy_id":710,"taxonomy":"category","description":"","parent":1363,"count":271,"filter":"raw","cat_ID":710,"category_count":271,"category_description":"","cat_name":"Vegetariano","category_nicename":"vegetariano","category_parent":1363}]},{"term_id":1443,"name":"Pelo producto","slug":"pelo-producto","term_group":0,"term_taxonomy_id":1443,"taxonomy":"category","description":"","parent":0,"count":259,"filter":"raw","cat_ID":1443,"category_count":259,"category_description":"","cat_name":"Pelo producto","category_nicename":"pelo-producto","category_parent":0,"children":[{"term_id":2678,"name":"Fritadeira sem \u00d3leo","slug":"fritadeira-sem-oleo","term_group":0,"term_taxonomy_id":2678,"taxonomy":"category","description":"","parent":1443,"count":81,"filter":"raw","cat_ID":2678,"category_count":81,"category_description":"","cat_name":"Fritadeira sem \u00d3leo","category_nicename":"fritadeira-sem-oleo","category_parent":1443}]},{"term_id":1403,"name":"Por tempo de prepara\u00e7\u00e3o","slug":"por-tempo","term_group":0,"term_taxonomy_id":1403,"taxonomy":"category","description":"","parent":0,"count":229,"filter":"raw","cat_ID":1403,"category_count":229,"category_description":"","cat_name":"Por tempo de prepara\u00e7\u00e3o","category_nicename":"por-tempo","category_parent":0,"children":[]},{"term_id":1454,"name":"Por tipo de prato","slug":"por-tipo-de-prato","term_group":0,"term_taxonomy_id":1454,"taxonomy":"category","description":"","parent":0,"count":265,"filter":"raw","cat_ID":1454,"category_count":265,"category_description":"","cat_name":"Por tipo de prato","category_nicename":"por-tipo-de-prato","category_parent":0,"children":[{"term_id":1455,"name":"Aperitivo","slug":"aperitivo","term_group":0,"term_taxonomy_id":1455,"taxonomy":"category","description":"","parent":1454,"count":90,"filter":"raw","cat_ID":1455,"category_count":90,"category_description":"","cat_name":"Aperitivo","category_nicename":"aperitivo","category_parent":1454}]}],"tags":[{"term_id":3707,"name":"Farinha de am\u00eandoa","slug":"farinha-de-amendoa","term_group":0,"term_taxonomy_id":3707,"taxonomy":"post_tag","description":"","parent":0,"count":1,"filter":"raw"},{"term_id":3901,"name":"Mel","slug":"mel","term_group":0,"term_taxonomy_id":3901,"taxonomy":"post_tag","description":"","parent":0,"count":5,"filter":"raw"}],"products":[{"id":5712,"name":"Air Fryer","uid":0,"product_link":"https:\/\/www.create-store.com\/pt\/comprar-fritadeira-sem-oleo\/10843-fryer-air-fritadeira-sem-oleo.html","product_image_url":"https:\/\/www.create-store.com\/blog\/wp-content\/uploads\/2024\/06\/air-fryer-freidora-sin-aceite-15-l.jpg"},{"id":5725,"name":"AIR FRYER COMPACT","uid":1,"product_link":"https:\/\/www.create-store.com\/pt\/comprar-fritadeira-sem-oleo\/52025-ikofry-healthly-pro-fritadeira-sem-oleo.html","product_image_url":"https:\/\/www.create-store.com\/blog\/wp-content\/uploads\/2024\/06\/air-fryer-pro-compact-freidora-sin-aceite-35-l.jpg"}],"ingredients":[{"ingredients":[{"amount":"1","unit":"","name":"beringela grande","notes":"350 gr. aprox","id":7023},{"amount":"120","unit":"gr.","name":"de colher de sopa almendra mo\u00edda ou farinha de almendra","notes":"","id":7024},{"amount":"","unit":"","name":"Azeite de oliva virgem extra.","notes":"","id":6926},{"amount":"","unit":"","name":"Agua fri\u0301a.","notes":"","id":4879},{"amount":"","unit":"","name":"Sal de escamas.","notes":"","id":6997},{"amount":"","unit":"","name":"Mel cru.","notes":"","id":7025}],"name":""}],"instructions":[{"instructions":[{"name":"","text":"Cortar a beringela em palitos. Encher uma tigela com \u00e1gua e sal e mergulhar a beringela durante 10 minutos para tirar o amargor.","image":0},{"name":"","text":"Ap\u00f3s esse tempo, deitar fora a \u00e1gua (tendr\u00e1\u0301 uma cor castanha). Encher novamente a tigela de \u00e1gua. Mergulhar os palitos da beringela durante 2 minutos.","image":0},{"name":"","text":"Depois desse tempo. Acrescentar a am\u00eandoa mo\u00edda a um prato e molhar cada palito na am\u00eandoa.","image":0},{"name":"","text":"Quando todos os pauzinhos de beringela estiverem empanados . Coloc\u00e1-los na fritadeira e pulverizar azeite virgem extra em cima. Cozinhar durante 7 minutos a 200 gr.","image":0},{"name":"","text":"Derreter o mel cru no microondas durante 30 segundos para colocar na beringela de molho.","image":0}],"name":""}],"ingredients_flat":[{"amount":"1","unit":"","name":"beringela grande","notes":"350 gr. aprox","id":7023,"uid":0,"type":"ingredient"},{"amount":"120","unit":"gr.","name":"de colher de sopa almendra mo\u00edda ou farinha de almendra","notes":"","id":7024,"uid":1,"type":"ingredient"},{"amount":"","unit":"","name":"Azeite de oliva virgem extra.","notes":"","id":6926,"uid":2,"type":"ingredient"},{"amount":"","unit":"","name":"Agua fri\u0301a.","notes":"","id":4879,"uid":3,"type":"ingredient"},{"amount":"","unit":"","name":"Sal de escamas.","notes":"","id":6997,"uid":4,"type":"ingredient"},{"amount":"","unit":"","name":"Mel cru.","notes":"","id":7025,"uid":5,"type":"ingredient"}],"instructions_flat":[{"name":"","text":"Cortar a beringela em palitos. Encher uma tigela com \u00e1gua e sal e mergulhar a beringela durante 10 minutos para tirar o amargor.","image":0,"uid":0,"type":"instruction","image_url":""},{"name":"","text":"Ap\u00f3s esse tempo, deitar fora a \u00e1gua (tendr\u00e1\u0301 uma cor castanha). Encher novamente a tigela de \u00e1gua. Mergulhar os palitos da beringela durante 2 minutos.","image":0,"uid":1,"type":"instruction","image_url":""},{"name":"","text":"Depois desse tempo. Acrescentar a am\u00eandoa mo\u00edda a um prato e molhar cada palito na am\u00eandoa.","image":0,"uid":2,"type":"instruction","image_url":""},{"name":"","text":"Quando todos os pauzinhos de beringela estiverem empanados . Coloc\u00e1-los na fritadeira e pulverizar azeite virgem extra em cima. Cozinhar durante 7 minutos a 200 gr.","image":0,"uid":3,"type":"instruction","image_url":""},{"name":"","text":"Derreter o mel cru no microondas durante 30 segundos para colocar na beringela de molho.","image":0,"uid":4,"type":"instruction","image_url":""}],"video_id":0,"video_embed":"","video_thumb_url":"https:\/\/www.create-store.com\/blog\/wp-content\/uploads\/2020\/12\/Berenjena-Crunchy-150x150.jpg","notes":""},"_links":{"self":[{"href":"https:\/\/www.create-store.com\/blog\/pt\/wp-json\/wp\/v2\/posts\/14950","targetHints":{"allow":["GET"]}}],"collection":[{"href":"https:\/\/www.create-store.com\/blog\/pt\/wp-json\/wp\/v2\/posts"}],"about":[{"href":"https:\/\/www.create-store.com\/blog\/pt\/wp-json\/wp\/v2\/types\/post"}],"author":[{"embeddable":true,"href":"https:\/\/www.create-store.com\/blog\/pt\/wp-json\/wp\/v2\/users\/1"}],"replies":[{"embeddable":true,"href":"https:\/\/www.create-store.com\/blog\/pt\/wp-json\/wp\/v2\/comments?post=14950"}],"version-history":[{"count":5,"href":"https:\/\/www.create-store.com\/blog\/pt\/wp-json\/wp\/v2\/posts\/14950\/revisions"}],"predecessor-version":[{"id":33981,"href":"https:\/\/www.create-store.com\/blog\/pt\/wp-json\/wp\/v2\/posts\/14950\/revisions\/33981"}],"wp:featuredmedia":[{"embeddable":true,"href":"https:\/\/www.create-store.com\/blog\/pt\/wp-json\/wp\/v2\/media\/14947"}],"wp:attachment":[{"href":"https:\/\/www.create-store.com\/blog\/pt\/wp-json\/wp\/v2\/media?parent=14950"}],"wp:term":[{"taxonomy":"category","embeddable":true,"href":"https:\/\/www.create-store.com\/blog\/pt\/wp-json\/wp\/v2\/categories?post=14950"},{"taxonomy":"post_tag","embeddable":true,"href":"https:\/\/www.create-store.com\/blog\/pt\/wp-json\/wp\/v2\/tags?post=14950"}],"curies":[{"name":"wp","href":"https:\/\/api.w.org\/{rel}","templated":true}]}}