{"id":49752,"date":"2021-11-25T10:53:04","date_gmt":"2021-11-25T09:53:04","guid":{"rendered":"https:\/\/www.create-store.com\/blog\/?p=49752"},"modified":"2024-03-06T10:50:42","modified_gmt":"2024-03-06T09:50:42","slug":"grzanki-z-czosnkiem-i-serem","status":"publish","type":"post","link":"https:\/\/www.create-store.com\/blog\/pl\/grzanki-z-czosnkiem-i-serem\/","title":{"rendered":"Grzanki z czosnkiem i serem"},"content":{"rendered":"<div id=\"wprm-recipe-container-49753\" class=\"wprm-recipe-container\" data-recipe-id=\"49753\" data-servings=\"4\"><div class=\"wprm-recipe wprm-recipe-template-create-recipe\"><div class=\"wprm-recipe-template-ts-container\">\n    <div class=\"wprm-ts-top\">\n        <div class=\"wprm-recipe-block-container wprm-recipe-block-container-separated wprm-block-text-normal wprm-recipe-author-container\" style=\"\"><span class=\"wprm-recipe-details-label wprm-block-text-uppercase-faded wprm-recipe-author-label\">Przygotowana przez<\/span><span class=\"wprm-recipe-details wprm-recipe-author wprm-block-text-normal\"><a href=\"https:\/\/www.instagram.com\/lacucharazul\/?hl=es\" target=\"_blank\" rel=\"noopener\">@lacucharazul<\/a><\/span><\/div>\n    <\/div>\n    \n    <div class=\"wprm-ts-header\">        \n        <div class=\"wprm-recipe-summary wprm-block-text-normal\">Grzanki chlebowe z serem, czosnkiem i natk\u0105 pietruszki to klasyk, kt\u00f3ry smakuje ka\u017cdemu. Zwykle s\u0105 podawane w ma\u0142ych porcjach, jednak ten przepis sprawdzi si\u0119 doskonale jako danie do umieszczenia na \u015brodku sto\u0142u i dzielenia si\u0119 nim. \nKa\u017cda z grzanek b\u0119dzie przepe\u0142niona roztopionym serem i niepowtarzalnym aromatem czosnku, co sprawi, \u017ce nie b\u0119dzie si\u0119 im mo\u017cna oprze\u0107.\nSekret polega na tym, aby nie sk\u0105pi\u0107 sera i u\u017cywa\u0107 takich gatunk\u00f3w, kt\u00f3re dobrze si\u0119 roztapiaj\u0105, a przy tym doskonale smakuj\u0105.<\/div>\n    <\/div>\n    \n    <div class=\"wprm-ts-main-meta\">\n        <div class=\"wprm-recipe-block-container wprm-recipe-block-container-inline wprm-block-text-normal wprm-recipe-servings-container\" style=\"\"><span class=\"wprm-recipe-details-label wprm-block-text-bold wprm-recipe-servings-label\">Servings <\/span><span class=\"wprm-recipe-servings-with-unit\"><span class=\"wprm-recipe-servings wprm-recipe-details wprm-recipe-servings-49753 wprm-recipe-servings-adjustable-disabled wprm-block-text-normal\" data-recipe=\"49753\" aria-label=\"Adjust recipe servings\">4<\/span> <span class=\"wprm-recipe-servings-unit wprm-recipe-details-unit wprm-block-text-normal\">ludzie<\/span><\/span><\/div>\n        <div class=\"wprm-recipe-meta-container wprm-recipe-times-container wprm-recipe-details-container wprm-recipe-details-container-inline wprm-block-text-normal\" style=\"\"><div class=\"wprm-recipe-block-container wprm-recipe-block-container-inline wprm-block-text-normal wprm-recipe-time-container wprm-recipe-prep-time-container\" style=\"\"><span class=\"wprm-recipe-details-label wprm-block-text-bold wprm-recipe-time-label wprm-recipe-prep-time-label\">Prep Time<\/span><span class=\"wprm-recipe-time wprm-block-text-normal\"><span class=\"wprm-recipe-details wprm-recipe-details-minutes wprm-recipe-prep_time wprm-recipe-prep_time-minutes\">22<\/span> <span class=\"wprm-recipe-details-unit wprm-recipe-details-minutes wprm-recipe-prep_time-unit wprm-recipe-prep_timeunit-minutes\">mins<\/span><\/span><\/div><div class=\"wprm-recipe-block-container wprm-recipe-block-container-inline wprm-block-text-normal wprm-recipe-time-container wprm-recipe-cook-time-container\" style=\"\"><span class=\"wprm-recipe-details-label wprm-block-text-bold wprm-recipe-time-label wprm-recipe-cook-time-label\">Czas gotowania<\/span><span class=\"wprm-recipe-time wprm-block-text-normal\"><span class=\"wprm-recipe-details wprm-recipe-details-minutes wprm-recipe-cook_time wprm-recipe-cook_time-minutes\">10<\/span> <span class=\"wprm-recipe-details-unit wprm-recipe-details-minutes wprm-recipe-cook_time-unit wprm-recipe-cook_timeunit-minutes\">mins<\/span><\/span><\/div><\/div>\n    <\/div>\n    \n    <div class=\"wprm-ts-equipment\">\n        <div class=\"wprm-recipe-equipment-container wprm-block-text-normal\" data-recipe=\"49753\"><h3 class=\"wprm-recipe-header wprm-recipe-equipment-header wprm-block-text-bold wprm-align-left wprm-header-decoration-none\" style=\"\">Produkty, z kt\u00f3rych mo\u017cna j\u0105 przygotowa\u0107<\/h3><div class=\"wprm-recipe-equipment wprm-recipe-equipment-images wprm-recipe-equipment-images-align-left\"><div class=\"wprm-recipe-equipment-item wprm-recipe-equipment-item-has-image\"><a href=\"https:\/\/www.create-store.com\/es\/comprar-freidoras-sin-aceite-medianas\/161950-air-fryer-pro-compact-freidora-sin-aceite-35-l.html?id_c=361702\" class=\"wprm-recipe-equipment-link\" target=\"_blank\"><div class=\"wprm-recipe-equipment-image\"><img loading=\"lazy\" decoding=\"async\" width=\"165\" height=\"165\" src=\"https:\/\/www.create-store.com\/blog\/wp-content\/uploads\/2024\/06\/air-fryer-pro-compact-freidora-sin-aceite-35-l-300x300.jpg\" class=\"attachment-165x165 size-165x165\" alt=\"\" srcset=\"https:\/\/www.create-store.com\/blog\/wp-content\/uploads\/2024\/06\/air-fryer-pro-compact-freidora-sin-aceite-35-l-300x300.jpg 300w, https:\/\/www.create-store.com\/blog\/wp-content\/uploads\/2024\/06\/air-fryer-pro-compact-freidora-sin-aceite-35-l-150x150.jpg 150w, https:\/\/www.create-store.com\/blog\/wp-content\/uploads\/2024\/06\/air-fryer-pro-compact-freidora-sin-aceite-35-l-500x500.jpg 500w, https:\/\/www.create-store.com\/blog\/wp-content\/uploads\/2024\/06\/air-fryer-pro-compact-freidora-sin-aceite-35-l-600x600.jpg 600w\" sizes=\"auto, (max-width: 165px) 100vw, 165px\" \/><\/div><div class=\"wprm-recipe-equipment-name\"><\/div><\/a><\/div><\/div><\/div>\n    <\/div>\n    \n    <div class=\"wprm-ts-equipment-ingredients\">\n        <div class=\"wprm-recipe-ingredients-container wprm-recipe-49753-ingredients-container wprm-block-text-normal wprm-ingredient-style-regular\" data-recipe=\"49753\" data-servings=\"4\"><h3 class=\"wprm-recipe-header wprm-recipe-ingredients-header wprm-block-text-bold wprm-align-left wprm-header-decoration-none\" style=\"\">Sk\u0142adniki<\/h3><div class=\"wprm-recipe-ingredient-group\"><ul class=\"wprm-recipe-ingredients\"><li class=\"wprm-recipe-ingredient\" style=\"list-style-type: disc;\"><span class=\"wprm-recipe-ingredient-name\">Bochenek chleba 1 szt.<\/span>&#32;<span class=\"wprm-recipe-ingredient-notes wprm-recipe-ingredient-notes-normal\">(ok. 750 g)<\/span><\/li><li class=\"wprm-recipe-ingredient\" style=\"list-style-type: disc;\"><span class=\"wprm-recipe-ingredient-name\">Bekon 120 g<\/span><\/li><li class=\"wprm-recipe-ingredient\" style=\"list-style-type: disc;\"><span class=\"wprm-recipe-ingredient-name\">Ser tarty 200 g<\/span><\/li><li class=\"wprm-recipe-ingredient\" style=\"list-style-type: disc;\"><span class=\"wprm-recipe-ingredient-name\">Oliwa z oliwek 60 ml<\/span><\/li><li class=\"wprm-recipe-ingredient\" style=\"list-style-type: disc;\"><span class=\"wprm-recipe-ingredient-name\">Czosnek 1-2 z\u0105bki<\/span><\/li><li class=\"wprm-recipe-ingredient\" style=\"list-style-type: disc;\"><span class=\"wprm-recipe-ingredient-name\">Pietruszka kilka ga\u0142\u0105zek<\/span><\/li><li class=\"wprm-recipe-ingredient\" style=\"list-style-type: disc;\"><span class=\"wprm-recipe-ingredient-name\">Szczypta soli i pieprzu<\/span><\/li><\/ul><\/div><\/div>\n    <\/div>\n    \n    <div class=\"wprm-ts-instructions\">\n        <div class=\"wprm-recipe-instructions-container wprm-block-text-normal\" data-recipe=\"49753\"><h3 class=\"wprm-recipe-header wprm-recipe-instructions-header wprm-block-text-bold wprm-align-left wprm-header-decoration-none\" style=\"\">Przyrz\u0105dzanie krok po kroku<\/h3><div class=\"wprm-recipe-instruction-group\"><ul class=\"wprm-recipe-instructions\"><li id=\"wprm-recipe-49753-step-0-0\" class=\"wprm-recipe-instruction\" style=\"list-style-type: decimal;\"><div class=\"wprm-recipe-instruction-text\" style=\"margin-bottom: 20px\">Pokr\u00f3j wierzch chleba w obu kierunkach, tak aby uzyska\u0107 kwadraty. Naci\u0119cia musz\u0105 by\u0107 g\u0142\u0119bokie, ale nie si\u0119ga\u0107 dna, tak aby podstawa chleba pozosta\u0142a w ca\u0142o\u015bci.<\/div><\/li><li id=\"wprm-recipe-49753-step-0-1\" class=\"wprm-recipe-instruction\" style=\"list-style-type: decimal;\"><div class=\"wprm-recipe-instruction-text\" style=\"margin-bottom: 20px\">Osobno zmia\u017cd\u017c 1 lub 2 z\u0105bki czosnku, wed\u0142ug gustu, i wymieszaj je z 60 ml oliwy z oliwek. Dodaj nieco posiekanej natki pietruszki. Lekko dopraw sol\u0105 i pieprzem.<\/div><\/li><li id=\"wprm-recipe-49753-step-0-2\" class=\"wprm-recipe-instruction\" style=\"list-style-type: decimal;\"><div class=\"wprm-recipe-instruction-text\" style=\"margin-bottom: 20px\">Za pomoc\u0105 \u0142y\u017ceczki lub p\u0119dzla rozprowad\u017a olej w naci\u0119ciach w chlebie, tak aby dosta\u0142 si\u0119 a\u017c do samego dna.<\/div><\/li><li id=\"wprm-recipe-49753-step-0-3\" class=\"wprm-recipe-instruction\" style=\"list-style-type: decimal;\"><div class=\"wprm-recipe-instruction-text\" style=\"margin-bottom: 20px\">Pokr\u00f3j 120 g bekonu i r\u00f3wnie\u017c rozmie\u015b\u0107 w otworach.<\/div><\/li><li id=\"wprm-recipe-49753-step-0-4\" class=\"wprm-recipe-instruction\" style=\"list-style-type: decimal;\"><div class=\"wprm-recipe-instruction-text\" style=\"margin-bottom: 20px\">Na koniec wykonaj t\u0119 sam\u0105 czynno\u015b\u0107 z serem, rozmieszczaj\u0105c go we wszystkich naci\u0119ciach i popychaj\u0105c nieco do do\u0142u.<\/div><\/li><li id=\"wprm-recipe-49753-step-0-5\" class=\"wprm-recipe-instruction\" style=\"list-style-type: decimal;\"><div class=\"wprm-recipe-instruction-text\" style=\"margin-bottom: 20px\">Gdy chleb jest gotowy, wysu\u0144 szuflad\u0119 frytownicy i w\u0142\u00f3\u017c chleb do kosza. Zamknij szufladk\u0119 urz\u0105dzenia i ustaw czas na 12 minut, a temperatur\u0119 na 200\u00baC.<\/div><\/li><li id=\"wprm-recipe-49753-step-0-6\" class=\"wprm-recipe-instruction\" style=\"list-style-type: decimal;\"><div class=\"wprm-recipe-instruction-text\" style=\"margin-bottom: 20px\">Je\u015bli po tym czasie chleb nie nabierze jeszcze bardzo z\u0142ocistego koloru, zaprogramuj kolejne 2-3 minuty.<\/div><\/li><li id=\"wprm-recipe-49753-step-0-7\" class=\"wprm-recipe-instruction\" style=\"list-style-type: decimal;\"><div class=\"wprm-recipe-instruction-text\" style=\"margin-bottom: 20px\">Podawaj tu\u017c po wyj\u0119ciu.<\/div><\/li><\/ul><\/div><\/div>\n        \n    <\/div>\n    \n    \n<\/div><\/div><\/div>","protected":false},"excerpt":{"rendered":"","protected":false},"author":1,"featured_media":45662,"comment_status":"open","ping_status":"open","sticky":false,"template":"","format":"standard","meta":{"wprm-recipe-roundup-name":[],"wprm-recipe-roundup-description":[],"loftocean_post_format_gallery":"","loftocean_post_format_gallery_ids":"","loftocean_post_format_gallery_urls":"","loftocean_post_format_video_id":0,"loftocean_post_format_video_url":"","loftocean_post_format_video_type":"","loftocean_post_format_video":"","loftocean_post_format_audio_type":"","loftocean_post_format_audio_url":"","loftocean_post_format_audio_id":0,"loftocean_post_format_audio":"","loftocean-featured-post":"","loftocean-like-count":0,"loftocean-view-count":2084,"tinysalt_single_post_intro_label":"","tinysalt_single_post_intro_description":"","tinysalt_hide_before_page_content_ad":"","tinysalt_hide_after_page_content_ad":"","tinysalt_hide_page_header":"","tinysalt_advanced_classname":"","footnotes":""},"categories":[1846,2669,1828,1847,1797,1836],"tags":[],"class_list":["post-49752","post","type-post","status-publish","format-standard","has-post-thumbnail","hentry","category-wedlug-rodzaju-dania","category-frytkownica-beztluszczowa","category-kuchnia-miedzynarodowa","category-przystawka","category-w-mniej-niz-30-min","category-ze-wzgledu-na-produkty"],"recipe":{"id":49753,"image_id":45656,"image_url":"https:\/\/www.create-store.com\/blog\/wp-content\/uploads\/2021\/11\/PAN-GRATINADO-CON-AJO-Y-QEUSO-BUENA.jpg","image_thumbnail_url":"https:\/\/www.create-store.com\/blog\/wp-content\/uploads\/2021\/11\/PAN-GRATINADO-CON-AJO-Y-QEUSO-BUENA-150x150.jpg","name":"Grzanki z czosnkiem i serem","summary":"Grzanki chlebowe z serem, czosnkiem i natk\u0105 pietruszki to klasyk, kt\u00f3ry smakuje ka\u017cdemu. Zwykle s\u0105 podawane w ma\u0142ych porcjach, jednak ten przepis sprawdzi si\u0119 doskonale jako danie do umieszczenia na \u015brodku sto\u0142u i dzielenia si\u0119 nim. \nKa\u017cda z grzanek b\u0119dzie przepe\u0142niona roztopionym serem i niepowtarzalnym aromatem czosnku, co sprawi, \u017ce nie b\u0119dzie si\u0119 im mo\u017cna oprze\u0107.\nSekret polega na tym, aby nie sk\u0105pi\u0107 sera i u\u017cywa\u0107 takich gatunk\u00f3w, kt\u00f3re dobrze si\u0119 roztapiaj\u0105, a przy tym doskonale smakuj\u0105.","author_name":"@lacucharazul","author_link":"https:\/\/www.instagram.com\/lacucharazul\/?hl=es","servings":"4","servings_unit":"ludzie","prep_time":"22","cook_time":"10","custom_time":"0","custom_time_label":"","categories":[{"term_id":1846,"name":"Wed\u0142ug rodzaju dania","slug":"wedlug-rodzaju-dania","term_group":0,"term_taxonomy_id":1846,"taxonomy":"category","description":"","parent":0,"count":101,"filter":"raw","cat_ID":1846,"category_count":101,"category_description":"","cat_name":"Wed\u0142ug rodzaju dania","category_nicename":"wedlug-rodzaju-dania","category_parent":0,"children":[{"term_id":1847,"name":"Przystawka","slug":"przystawka","term_group":0,"term_taxonomy_id":1847,"taxonomy":"category","description":"","parent":1846,"count":47,"filter":"raw","cat_ID":1847,"category_count":47,"category_description":"","cat_name":"Przystawka","category_nicename":"przystawka","category_parent":1846}]},{"term_id":1828,"name":"Kuchnia mi\u0119dzynarodowa","slug":"kuchnia-miedzynarodowa","term_group":0,"term_taxonomy_id":1828,"taxonomy":"category","description":"","parent":0,"count":67,"filter":"raw","cat_ID":1828,"category_count":67,"category_description":"","cat_name":"Kuchnia mi\u0119dzynarodowa","category_nicename":"kuchnia-miedzynarodowa","category_parent":0,"children":[]},{"term_id":1836,"name":"Ze wzgl\u0119du na produkty","slug":"ze-wzgledu-na-produkty","term_group":0,"term_taxonomy_id":1836,"taxonomy":"category","description":"","parent":0,"count":95,"filter":"raw","cat_ID":1836,"category_count":95,"category_description":"","cat_name":"Ze wzgl\u0119du na produkty","category_nicename":"ze-wzgledu-na-produkty","category_parent":0,"children":[{"term_id":2669,"name":"Frytkownica bezt\u0142uszczowa","slug":"frytkownica-beztluszczowa","term_group":0,"term_taxonomy_id":2669,"taxonomy":"category","description":"","parent":1836,"count":71,"filter":"raw","cat_ID":2669,"category_count":71,"category_description":"","cat_name":"Frytkownica bezt\u0142uszczowa","category_nicename":"frytkownica-beztluszczowa","category_parent":1836}]}],"tags":[],"products":[{"id":5731,"name":"Air Fryer Compact","uid":0,"product_link":"https:\/\/www.create-store.com\/es\/comprar-freidoras-sin-aceite-medianas\/161950-air-fryer-pro-compact-freidora-sin-aceite-35-l.html?id_c=361702","product_image_url":"https:\/\/www.create-store.com\/blog\/wp-content\/uploads\/2024\/06\/air-fryer-pro-compact-freidora-sin-aceite-35-l.jpg"}],"ingredients":[{"ingredients":[{"amount":"","unit":"","name":"Bochenek chleba 1 szt.","notes":"ok. 750 g","id":18431},{"amount":"","unit":"","name":"Bekon 120 g","notes":"","id":18432},{"amount":"","unit":"","name":"Ser tarty 200 g","notes":"","id":18433},{"amount":"","unit":"","name":"Oliwa z oliwek 60 ml","notes":"","id":18434},{"amount":"","unit":"","name":"Czosnek 1-2 z\u0105bki","notes":"","id":18435},{"amount":"","unit":"","name":"Pietruszka kilka ga\u0142\u0105zek","notes":"","id":18436},{"amount":"","unit":"","name":"Szczypta soli i pieprzu","notes":"","id":18437}],"name":""}],"instructions":[{"instructions":[{"name":"","text":"Pokr\u00f3j wierzch chleba w obu kierunkach, tak aby uzyska\u0107 kwadraty. Naci\u0119cia musz\u0105 by\u0107 g\u0142\u0119bokie, ale nie si\u0119ga\u0107 dna, tak aby podstawa chleba pozosta\u0142a w ca\u0142o\u015bci.","image":0},{"name":"","text":"Osobno zmia\u017cd\u017c 1 lub 2 z\u0105bki czosnku, wed\u0142ug gustu, i wymieszaj je z 60 ml oliwy z oliwek. Dodaj nieco posiekanej natki pietruszki. Lekko dopraw sol\u0105 i pieprzem.","image":0},{"name":"","text":"Za pomoc\u0105 \u0142y\u017ceczki lub p\u0119dzla rozprowad\u017a olej w naci\u0119ciach w chlebie, tak aby dosta\u0142 si\u0119 a\u017c do samego dna.","image":0},{"name":"","text":"Pokr\u00f3j 120 g bekonu i r\u00f3wnie\u017c rozmie\u015b\u0107 w otworach.","image":0},{"name":"","text":"Na koniec wykonaj t\u0119 sam\u0105 czynno\u015b\u0107 z serem, rozmieszczaj\u0105c go we wszystkich naci\u0119ciach i popychaj\u0105c nieco do do\u0142u.","image":0},{"name":"","text":"Gdy chleb jest gotowy, wysu\u0144 szuflad\u0119 frytownicy i w\u0142\u00f3\u017c chleb do kosza. Zamknij szufladk\u0119 urz\u0105dzenia i ustaw czas na 12 minut, a temperatur\u0119 na 200\u00baC.","image":0},{"name":"","text":"Je\u015bli po tym czasie chleb nie nabierze jeszcze bardzo z\u0142ocistego koloru, zaprogramuj kolejne 2-3 minuty.","image":0},{"name":"","text":"Podawaj tu\u017c po wyj\u0119ciu.","image":0}],"name":""}],"ingredients_flat":[{"amount":"","unit":"","name":"Bochenek chleba 1 szt.","notes":"ok. 750 g","id":18431,"uid":0,"type":"ingredient"},{"amount":"","unit":"","name":"Bekon 120 g","notes":"","id":18432,"uid":1,"type":"ingredient"},{"amount":"","unit":"","name":"Ser tarty 200 g","notes":"","id":18433,"uid":2,"type":"ingredient"},{"amount":"","unit":"","name":"Oliwa z oliwek 60 ml","notes":"","id":18434,"uid":3,"type":"ingredient"},{"amount":"","unit":"","name":"Czosnek 1-2 z\u0105bki","notes":"","id":18435,"uid":4,"type":"ingredient"},{"amount":"","unit":"","name":"Pietruszka kilka ga\u0142\u0105zek","notes":"","id":18436,"uid":5,"type":"ingredient"},{"amount":"","unit":"","name":"Szczypta soli i pieprzu","notes":"","id":18437,"uid":6,"type":"ingredient"}],"instructions_flat":[{"name":"","text":"Pokr\u00f3j wierzch chleba w obu kierunkach, tak aby uzyska\u0107 kwadraty. Naci\u0119cia musz\u0105 by\u0107 g\u0142\u0119bokie, ale nie si\u0119ga\u0107 dna, tak aby podstawa chleba pozosta\u0142a w ca\u0142o\u015bci.","image":0,"uid":0,"type":"instruction","image_url":""},{"name":"","text":"Osobno zmia\u017cd\u017c 1 lub 2 z\u0105bki czosnku, wed\u0142ug gustu, i wymieszaj je z 60 ml oliwy z oliwek. Dodaj nieco posiekanej natki pietruszki. Lekko dopraw sol\u0105 i pieprzem.","image":0,"uid":1,"type":"instruction","image_url":""},{"name":"","text":"Za pomoc\u0105 \u0142y\u017ceczki lub p\u0119dzla rozprowad\u017a olej w naci\u0119ciach w chlebie, tak aby dosta\u0142 si\u0119 a\u017c do samego dna.","image":0,"uid":2,"type":"instruction","image_url":""},{"name":"","text":"Pokr\u00f3j 120 g bekonu i r\u00f3wnie\u017c rozmie\u015b\u0107 w otworach.","image":0,"uid":3,"type":"instruction","image_url":""},{"name":"","text":"Na koniec wykonaj t\u0119 sam\u0105 czynno\u015b\u0107 z serem, rozmieszczaj\u0105c go we wszystkich naci\u0119ciach i popychaj\u0105c nieco do do\u0142u.","image":0,"uid":4,"type":"instruction","image_url":""},{"name":"","text":"Gdy chleb jest gotowy, wysu\u0144 szuflad\u0119 frytownicy i w\u0142\u00f3\u017c chleb do kosza. Zamknij szufladk\u0119 urz\u0105dzenia i ustaw czas na 12 minut, a temperatur\u0119 na 200\u00baC.","image":0,"uid":5,"type":"instruction","image_url":""},{"name":"","text":"Je\u015bli po tym czasie chleb nie nabierze jeszcze bardzo z\u0142ocistego koloru, zaprogramuj kolejne 2-3 minuty.","image":0,"uid":6,"type":"instruction","image_url":""},{"name":"","text":"Podawaj tu\u017c po wyj\u0119ciu.","image":0,"uid":7,"type":"instruction","image_url":""}],"video_id":0,"video_embed":"","video_thumb_url":"https:\/\/www.create-store.com\/blog\/wp-content\/uploads\/2021\/11\/PAN-GRATINADO-CON-AJO-Y-QEUSO-BUENA-150x150.jpg","notes":""},"_links":{"self":[{"href":"https:\/\/www.create-store.com\/blog\/pl\/wp-json\/wp\/v2\/posts\/49752","targetHints":{"allow":["GET"]}}],"collection":[{"href":"https:\/\/www.create-store.com\/blog\/pl\/wp-json\/wp\/v2\/posts"}],"about":[{"href":"https:\/\/www.create-store.com\/blog\/pl\/wp-json\/wp\/v2\/types\/post"}],"author":[{"embeddable":true,"href":"https:\/\/www.create-store.com\/blog\/pl\/wp-json\/wp\/v2\/users\/1"}],"replies":[{"embeddable":true,"href":"https:\/\/www.create-store.com\/blog\/pl\/wp-json\/wp\/v2\/comments?post=49752"}],"version-history":[{"count":2,"href":"https:\/\/www.create-store.com\/blog\/pl\/wp-json\/wp\/v2\/posts\/49752\/revisions"}],"predecessor-version":[{"id":67430,"href":"https:\/\/www.create-store.com\/blog\/pl\/wp-json\/wp\/v2\/posts\/49752\/revisions\/67430"}],"wp:featuredmedia":[{"embeddable":true,"href":"https:\/\/www.create-store.com\/blog\/pl\/wp-json\/wp\/v2\/media\/45662"}],"wp:attachment":[{"href":"https:\/\/www.create-store.com\/blog\/pl\/wp-json\/wp\/v2\/media?parent=49752"}],"wp:term":[{"taxonomy":"category","embeddable":true,"href":"https:\/\/www.create-store.com\/blog\/pl\/wp-json\/wp\/v2\/categories?post=49752"},{"taxonomy":"post_tag","embeddable":true,"href":"https:\/\/www.create-store.com\/blog\/pl\/wp-json\/wp\/v2\/tags?post=49752"}],"curies":[{"name":"wp","href":"https:\/\/api.w.org\/{rel}","templated":true}]}}