{"id":57044,"date":"2022-08-22T01:04:00","date_gmt":"2022-08-21T23:04:00","guid":{"rendered":"https:\/\/www.create-store.com\/blog\/?p=57044"},"modified":"2022-08-11T12:44:45","modified_gmt":"2022-08-11T10:44:45","slug":"crumble-de-manzana","status":"publish","type":"post","link":"https:\/\/www.create-store.com\/blog\/latam\/crumble-de-manzana\/","title":{"rendered":"Crumble de manzana"},"content":{"rendered":"<div id=\"wprm-recipe-container-56694\" class=\"wprm-recipe-container\" data-recipe-id=\"56694\" data-servings=\"0\"><div class=\"wprm-recipe wprm-recipe-template-create-recipe\"><div class=\"wprm-recipe-template-ts-container\">\n    <div class=\"wprm-ts-top\">\n        <div class=\"wprm-recipe-block-container wprm-recipe-block-container-separated wprm-block-text-normal wprm-recipe-author-container\" style=\"\"><span class=\"wprm-recipe-details-label wprm-block-text-uppercase-faded wprm-recipe-author-label\">Realizada por<\/span><span class=\"wprm-recipe-details wprm-recipe-author wprm-block-text-normal\">CREATE<\/span><\/div>\n    <\/div>\n    \n    <div class=\"wprm-ts-header\">        \n        <div class=\"wprm-recipe-summary wprm-block-text-normal\"><span style=\"display: block;\">El postre por excelencia del oto\u00f1o sin lugar a dudas es el crumble de manzana, pero quiz\u00e1s nos da algo de pereza tener que encender el horno, esperar a que se caliente para poder de este postre tan delicioso. <\/span><\/div>\n    <\/div>\n    \n    <div class=\"wprm-ts-main-meta\">\n        \n        <div class=\"wprm-recipe-meta-container wprm-recipe-times-container wprm-recipe-details-container wprm-recipe-details-container-inline wprm-block-text-normal\" style=\"\"><div class=\"wprm-recipe-block-container wprm-recipe-block-container-inline wprm-block-text-normal wprm-recipe-time-container wprm-recipe-prep-time-container\" style=\"\"><span class=\"wprm-recipe-details-label wprm-block-text-bold wprm-recipe-time-label wprm-recipe-prep-time-label\">Prep Time<\/span><span class=\"wprm-recipe-time wprm-block-text-normal\"><span class=\"wprm-recipe-details wprm-recipe-details-minutes wprm-recipe-prep_time wprm-recipe-prep_time-minutes\">10<\/span> <span class=\"wprm-recipe-details-unit wprm-recipe-details-minutes wprm-recipe-prep_time-unit wprm-recipe-prep_timeunit-minutes\">mins<\/span><\/span><\/div><div class=\"wprm-recipe-block-container wprm-recipe-block-container-inline wprm-block-text-normal wprm-recipe-time-container wprm-recipe-cook-time-container\" style=\"\"><span class=\"wprm-recipe-details-label wprm-block-text-bold wprm-recipe-time-label wprm-recipe-cook-time-label\">Tiempo de cocinado<\/span><span class=\"wprm-recipe-time wprm-block-text-normal\"><span class=\"wprm-recipe-details wprm-recipe-details-minutes wprm-recipe-cook_time wprm-recipe-cook_time-minutes\">30<\/span> <span class=\"wprm-recipe-details-unit wprm-recipe-details-minutes wprm-recipe-cook_time-unit wprm-recipe-cook_timeunit-minutes\">mins<\/span><\/span><\/div><\/div>\n    <\/div>\n    \n    <div class=\"wprm-ts-equipment\">\n        <div class=\"wprm-recipe-equipment-container wprm-block-text-normal\" data-recipe=\"56694\"><h3 class=\"wprm-recipe-header wprm-recipe-equipment-header wprm-block-text-bold wprm-align-left wprm-header-decoration-none\" style=\"\">Productos con los que prepararla<\/h3><div class=\"wprm-recipe-equipment wprm-recipe-equipment-images wprm-recipe-equipment-images-align-left\"><div class=\"wprm-recipe-equipment-item wprm-recipe-equipment-item-has-image\"><a href=\"https:\/\/www.create-store.com\/es\/comprar-freidoras\/52025-fryer-air-pro-freidora-sin-aceite.html\" class=\"wprm-recipe-equipment-link\" target=\"_blank\"><div class=\"wprm-recipe-equipment-image\"><img loading=\"lazy\" decoding=\"async\" width=\"165\" height=\"165\" src=\"https:\/\/www.create-store.com\/blog\/wp-content\/uploads\/2024\/06\/air-fryer-pro-compact-freidora-sin-aceite-35-l-300x300.jpg\" class=\"attachment-165x165 size-165x165\" alt=\"\" srcset=\"https:\/\/www.create-store.com\/blog\/wp-content\/uploads\/2024\/06\/air-fryer-pro-compact-freidora-sin-aceite-35-l-300x300.jpg 300w, https:\/\/www.create-store.com\/blog\/wp-content\/uploads\/2024\/06\/air-fryer-pro-compact-freidora-sin-aceite-35-l-150x150.jpg 150w, https:\/\/www.create-store.com\/blog\/wp-content\/uploads\/2024\/06\/air-fryer-pro-compact-freidora-sin-aceite-35-l-500x500.jpg 500w, https:\/\/www.create-store.com\/blog\/wp-content\/uploads\/2024\/06\/air-fryer-pro-compact-freidora-sin-aceite-35-l-600x600.jpg 600w\" sizes=\"auto, (max-width: 165px) 100vw, 165px\" \/><\/div><div class=\"wprm-recipe-equipment-name\"><\/div><\/a><\/div><div class=\"wprm-recipe-equipment-item wprm-recipe-equipment-item-has-image\"><a href=\"https:\/\/www.create-store.com\/es\/comprar-freidoras-sin-aceite-grandes\/132703-air-fryer-pro-large-freidora-sin-aceite-62-l.html?id_c=330016\" class=\"wprm-recipe-equipment-link\" target=\"_blank\"><div class=\"wprm-recipe-equipment-image\"><img loading=\"lazy\" decoding=\"async\" width=\"165\" height=\"165\" src=\"https:\/\/www.create-store.com\/blog\/wp-content\/uploads\/2024\/06\/air-fryer-pro-large-freidora-sin-aceite-62-l-300x300.jpg\" class=\"attachment-165x165 size-165x165\" alt=\"\" srcset=\"https:\/\/www.create-store.com\/blog\/wp-content\/uploads\/2024\/06\/air-fryer-pro-large-freidora-sin-aceite-62-l-300x300.jpg 300w, https:\/\/www.create-store.com\/blog\/wp-content\/uploads\/2024\/06\/air-fryer-pro-large-freidora-sin-aceite-62-l-150x150.jpg 150w, https:\/\/www.create-store.com\/blog\/wp-content\/uploads\/2024\/06\/air-fryer-pro-large-freidora-sin-aceite-62-l-500x500.jpg 500w, https:\/\/www.create-store.com\/blog\/wp-content\/uploads\/2024\/06\/air-fryer-pro-large-freidora-sin-aceite-62-l-600x600.jpg 600w\" sizes=\"auto, (max-width: 165px) 100vw, 165px\" \/><\/div><div class=\"wprm-recipe-equipment-name\"><\/div><\/a><\/div><\/div><\/div>\n    <\/div>\n    \n    <div class=\"wprm-ts-equipment-ingredients\">\n        <div class=\"wprm-recipe-ingredients-container wprm-recipe-56694-ingredients-container wprm-block-text-normal wprm-ingredient-style-regular\" data-recipe=\"56694\" data-servings=\"0\"><h3 class=\"wprm-recipe-header wprm-recipe-ingredients-header wprm-block-text-bold wprm-align-left wprm-header-decoration-none\" style=\"\">Ingredients<\/h3><div class=\"wprm-recipe-ingredient-group\"><ul class=\"wprm-recipe-ingredients\"><li class=\"wprm-recipe-ingredient\" style=\"list-style-type: disc;\"><span class=\"wprm-recipe-ingredient-amount\">175<\/span>&#32;<span class=\"wprm-recipe-ingredient-name\">gramos de harina<\/span><\/li><li class=\"wprm-recipe-ingredient\" style=\"list-style-type: disc;\"><span class=\"wprm-recipe-ingredient-amount\">85<\/span>&#32;<span class=\"wprm-recipe-ingredient-name\">gramos de mantequilla<\/span><\/li><li class=\"wprm-recipe-ingredient\" style=\"list-style-type: disc;\"><span class=\"wprm-recipe-ingredient-amount\">1\/2<\/span>&#32;<span class=\"wprm-recipe-ingredient-unit\">Kg<\/span>&#32;<span class=\"wprm-recipe-ingredient-name\">de manzana pelada y deshuesada<\/span><\/li><li class=\"wprm-recipe-ingredient\" style=\"list-style-type: disc;\"><span class=\"wprm-recipe-ingredient-name\">Az\u00facar moreno<\/span>&#32;<span class=\"wprm-recipe-ingredient-notes wprm-recipe-ingredient-notes-normal\">(150 gramos por cada 1\/2 kilo de manzanas)<\/span><\/li><li class=\"wprm-recipe-ingredient\" style=\"list-style-type: disc;\"><span class=\"wprm-recipe-ingredient-amount\">1\/2<\/span>&#32;<span class=\"wprm-recipe-ingredient-name\">vaso de agua<\/span><\/li><li class=\"wprm-recipe-ingredient\" style=\"list-style-type: disc;\"><span class=\"wprm-recipe-ingredient-amount\">1<\/span>&#32;<span class=\"wprm-recipe-ingredient-name\">cucharada peque\u00f1a de canela<\/span><\/li><li class=\"wprm-recipe-ingredient\" style=\"list-style-type: disc;\"><span class=\"wprm-recipe-ingredient-name\">Zumo de medio lim\u00f3n<\/span><\/li><li class=\"wprm-recipe-ingredient\" style=\"list-style-type: disc;\"><span class=\"wprm-recipe-ingredient-amount\">1<\/span>&#32;<span class=\"wprm-recipe-ingredient-name\">p\u00eczca de Sal<\/span><\/li><\/ul><\/div><\/div>\n    <\/div>\n    \n    <div class=\"wprm-ts-instructions\">\n        <div class=\"wprm-recipe-instructions-container wprm-block-text-normal\" data-recipe=\"56694\"><h3 class=\"wprm-recipe-header wprm-recipe-instructions-header wprm-block-text-bold wprm-align-left wprm-header-decoration-none\" style=\"\">Instructions<\/h3><div class=\"wprm-recipe-instruction-group\"><ul class=\"wprm-recipe-instructions\"><li id=\"wprm-recipe-56694-step-0-0\" class=\"wprm-recipe-instruction\" style=\"list-style-type: decimal;\"><div class=\"wprm-recipe-instruction-text\" style=\"margin-bottom: 20px\">En un bowl mezclamos la harina y la mantequilla y vamos desmigajando con las manos hasta obtener una masa similar a unas migas.<\/div><\/li><li id=\"wprm-recipe-56694-step-0-1\" class=\"wprm-recipe-instruction\" style=\"list-style-type: decimal;\"><div class=\"wprm-recipe-instruction-text\" style=\"margin-bottom: 20px\">En otro recipiente mezclamos las manzanas cortadas en cuadritos peque\u00f1os, el agua, la canela, el zumo de 1\/2 lim\u00f3n, una pizca de sal y el az\u00facar moreno y removemos todo bien.<\/div><\/li><li id=\"wprm-recipe-56694-step-0-2\" class=\"wprm-recipe-instruction\" style=\"list-style-type: decimal;\"><div class=\"wprm-recipe-instruction-text\" style=\"margin-bottom: 20px\">En el accesorio bajo de nuestra Freidora de a\u00f1ade colocamos la manzana y esparcimos sobre ella las migas que hemos preparado con anterioridad.<\/div><\/li><li id=\"wprm-recipe-56694-step-0-3\" class=\"wprm-recipe-instruction\" style=\"list-style-type: decimal;\"><div class=\"wprm-recipe-instruction-text\" style=\"margin-bottom: 20px\">Introducir en la freidora de Aire durante 30 min a 200 grados.<\/div><\/li><li id=\"wprm-recipe-56694-step-0-4\" class=\"wprm-recipe-instruction\" style=\"list-style-type: decimal;\"><div class=\"wprm-recipe-instruction-text\" style=\"margin-bottom: 20px\">Estar\u00e1 listo cuando las migas est\u00e9n doradas sin llegar a quemarse<\/div><\/li><\/ul><\/div><\/div>\n        \n    <\/div>\n    \n    \n<\/div><\/div><\/div>","protected":false},"excerpt":{"rendered":"<p>El postre por excelencia del oto\u00f1o sin lugar a dudas es el crumble de manzana, pero quiz\u00e1s nos da algo de pereza tener que encender el horno, esperar a que se caliente para poder de este postre tan delicioso.<\/p>\n","protected":false},"author":1,"featured_media":56703,"comment_status":"open","ping_status":"open","sticky":false,"template":"","format":"standard","meta":{"wprm-recipe-roundup-name":[],"wprm-recipe-roundup-description":[],"loftocean_post_format_gallery":"","loftocean_post_format_gallery_ids":"","loftocean_post_format_gallery_urls":"","loftocean_post_format_video_id":0,"loftocean_post_format_video_url":"","loftocean_post_format_video_type":"","loftocean_post_format_video":"","loftocean_post_format_audio_type":"","loftocean_post_format_audio_url":"","loftocean_post_format_audio_id":0,"loftocean_post_format_audio":"","loftocean-featured-post":"","loftocean-like-count":0,"loftocean-view-count":1608,"tinysalt_single_post_intro_label":"","tinysalt_single_post_intro_description":"","tinysalt_hide_before_page_content_ad":"","tinysalt_hide_after_page_content_ad":"","tinysalt_hide_page_header":"","tinysalt_advanced_classname":"","footnotes":""},"categories":[17379,21045,17669,17677],"tags":[],"class_list":["post-57044","post","type-post","status-publish","format-standard","has-post-thumbnail","hentry","category-en-menos-de-30mins","category-cena-con-amigos-latam","category-freidora-sin-aceite-latam","category-postres"],"recipe":{"id":56694,"image_id":56698,"image_url":"https:\/\/www.create-store.com\/blog\/wp-content\/uploads\/2022\/08\/CRUMBLE-DE-MANZANA-01-1.jpeg","image_thumbnail_url":"https:\/\/www.create-store.com\/blog\/wp-content\/uploads\/2022\/08\/CRUMBLE-DE-MANZANA-01-1-150x150.jpeg","name":"Crumble de manzana","summary":"<p>El postre por excelencia del oto\u00f1o sin lugar a dudas es el crumble de manzana, pero quiz\u00e1s nos da algo de pereza tener que encender el horno, esperar a que se caliente para poder de este postre tan delicioso. <\/p>","author_name":"CREATE","author_link":"","servings":"0","servings_unit":"","prep_time":"10","cook_time":"30","custom_time":"0","custom_time_label":"","categories":[{"term_id":21045,"name":"Cena con amigos","slug":"cena-con-amigos-latam","term_group":0,"term_taxonomy_id":21045,"taxonomy":"category","description":"","parent":0,"count":11,"filter":"raw","cat_ID":21045,"category_count":11,"category_description":"","cat_name":"Cena con amigos","category_nicename":"cena-con-amigos-latam","category_parent":0,"children":[]}],"tags":[],"products":[{"id":5724,"name":"","uid":0,"product_link":"https:\/\/www.create-store.com\/es\/comprar-freidoras\/52025-fryer-air-pro-freidora-sin-aceite.html","product_image_url":"https:\/\/www.create-store.com\/blog\/wp-content\/uploads\/2024\/06\/air-fryer-pro-compact-freidora-sin-aceite-35-l.jpg"},{"id":6885,"name":"AIR FYER PRO LARGE","uid":1,"product_link":"https:\/\/www.create-store.com\/es\/comprar-freidoras-sin-aceite-grandes\/132703-air-fryer-pro-large-freidora-sin-aceite-62-l.html?id_c=330016","product_image_url":"https:\/\/www.create-store.com\/blog\/wp-content\/uploads\/2024\/06\/air-fryer-pro-large-freidora-sin-aceite-62-l.jpg"}],"ingredients":[{"ingredients":[{"amount":"175","unit":"","name":"gramos de harina","notes":"","id":21547},{"amount":"85","unit":"","name":"gramos de mantequilla","notes":"","id":21548},{"amount":"1\/2","unit":"Kg","name":"de manzana pelada y deshuesada","notes":"","id":21549},{"amount":"","unit":"","name":"Az\u00facar moreno","notes":"150 gramos por cada 1\/2 kilo de manzanas","id":4819},{"amount":"1\/2","unit":"","name":"vaso de agua","notes":"","id":21550},{"amount":"1","unit":"","name":"cucharada peque\u00f1a de canela","notes":"","id":21551},{"amount":"","unit":"","name":"Zumo de medio lim\u00f3n","notes":"","id":5160},{"amount":"1","unit":"","name":"p\u00eczca de Sal","notes":"","id":6147}],"name":""}],"instructions":[{"instructions":[{"name":"","text":"En un bowl mezclamos la harina y la mantequilla y vamos desmigajando con las manos hasta obtener una masa similar a unas migas.","image":0},{"name":"","text":"En otro recipiente mezclamos las manzanas cortadas en cuadritos peque\u00f1os, el agua, la canela, el zumo de 1\/2 lim\u00f3n, una pizca de sal y el az\u00facar moreno y removemos todo bien.","image":0},{"name":"","text":"En el accesorio bajo de nuestra Freidora de a\u00f1ade colocamos la manzana y esparcimos sobre ella las migas que hemos preparado con anterioridad.","image":0},{"name":"","text":"Introducir en la freidora de Aire durante 30 min a 200 grados.","image":0},{"name":"","text":"Estar\u00e1 listo cuando las migas est\u00e9n doradas sin llegar a quemarse","image":0}],"name":""}],"ingredients_flat":[{"amount":"175","unit":"","name":"gramos de harina","notes":"","id":21547,"uid":0,"type":"ingredient"},{"amount":"85","unit":"","name":"gramos de mantequilla","notes":"","id":21548,"uid":1,"type":"ingredient"},{"amount":"1\/2","unit":"Kg","name":"de manzana pelada y deshuesada","notes":"","id":21549,"uid":2,"type":"ingredient"},{"amount":"","unit":"","name":"Az\u00facar moreno","notes":"150 gramos por cada 1\/2 kilo de manzanas","id":4819,"uid":3,"type":"ingredient"},{"amount":"1\/2","unit":"","name":"vaso de agua","notes":"","id":21550,"uid":4,"type":"ingredient"},{"amount":"1","unit":"","name":"cucharada peque\u00f1a de canela","notes":"","id":21551,"uid":5,"type":"ingredient"},{"amount":"","unit":"","name":"Zumo de medio lim\u00f3n","notes":"","id":5160,"uid":6,"type":"ingredient"},{"amount":"1","unit":"","name":"p\u00eczca de Sal","notes":"","id":6147,"uid":7,"type":"ingredient"}],"instructions_flat":[{"name":"","text":"En un bowl mezclamos la harina y la mantequilla y vamos desmigajando con las manos hasta obtener una masa similar a unas migas.","image":0,"uid":0,"type":"instruction","image_url":""},{"name":"","text":"En otro recipiente mezclamos las manzanas cortadas en cuadritos peque\u00f1os, el agua, la canela, el zumo de 1\/2 lim\u00f3n, una pizca de sal y el az\u00facar moreno y removemos todo bien.","image":0,"uid":1,"type":"instruction","image_url":""},{"name":"","text":"En el accesorio bajo de nuestra Freidora de a\u00f1ade colocamos la manzana y esparcimos sobre ella las migas que hemos preparado con anterioridad.","image":0,"uid":2,"type":"instruction","image_url":""},{"name":"","text":"Introducir en la freidora de Aire durante 30 min a 200 grados.","image":0,"uid":3,"type":"instruction","image_url":""},{"name":"","text":"Estar\u00e1 listo cuando las migas est\u00e9n doradas sin llegar a quemarse","image":0,"uid":4,"type":"instruction","image_url":""}],"video_id":0,"video_embed":"","video_thumb_url":"https:\/\/www.create-store.com\/blog\/wp-content\/uploads\/2022\/08\/CRUMBLE-DE-MANZANA-01-1-150x150.jpeg","notes":""},"_links":{"self":[{"href":"https:\/\/www.create-store.com\/blog\/latam\/wp-json\/wp\/v2\/posts\/57044","targetHints":{"allow":["GET"]}}],"collection":[{"href":"https:\/\/www.create-store.com\/blog\/latam\/wp-json\/wp\/v2\/posts"}],"about":[{"href":"https:\/\/www.create-store.com\/blog\/latam\/wp-json\/wp\/v2\/types\/post"}],"author":[{"embeddable":true,"href":"https:\/\/www.create-store.com\/blog\/latam\/wp-json\/wp\/v2\/users\/1"}],"replies":[{"embeddable":true,"href":"https:\/\/www.create-store.com\/blog\/latam\/wp-json\/wp\/v2\/comments?post=57044"}],"version-history":[{"count":1,"href":"https:\/\/www.create-store.com\/blog\/latam\/wp-json\/wp\/v2\/posts\/57044\/revisions"}],"predecessor-version":[{"id":57052,"href":"https:\/\/www.create-store.com\/blog\/latam\/wp-json\/wp\/v2\/posts\/57044\/revisions\/57052"}],"wp:featuredmedia":[{"embeddable":true,"href":"https:\/\/www.create-store.com\/blog\/latam\/wp-json\/wp\/v2\/media\/56703"}],"wp:attachment":[{"href":"https:\/\/www.create-store.com\/blog\/latam\/wp-json\/wp\/v2\/media?parent=57044"}],"wp:term":[{"taxonomy":"category","embeddable":true,"href":"https:\/\/www.create-store.com\/blog\/latam\/wp-json\/wp\/v2\/categories?post=57044"},{"taxonomy":"post_tag","embeddable":true,"href":"https:\/\/www.create-store.com\/blog\/latam\/wp-json\/wp\/v2\/tags?post=57044"}],"curies":[{"name":"wp","href":"https:\/\/api.w.org\/{rel}","templated":true}]}}