{"id":36730,"date":"2021-07-07T06:00:00","date_gmt":"2021-07-07T04:00:00","guid":{"rendered":"https:\/\/www.ikohs.com\/es\/blog\/?p=36730"},"modified":"2021-07-06T13:03:50","modified_gmt":"2021-07-06T11:03:50","slug":"confettura-di-mirtilli","status":"publish","type":"post","link":"https:\/\/www.create-store.com\/blog\/it\/confettura-di-mirtilli\/","title":{"rendered":"Confettura di mirtilli"},"content":{"rendered":"<div id=\"wprm-recipe-container-36733\" class=\"wprm-recipe-container\" data-recipe-id=\"36733\" data-servings=\"4\"><div class=\"wprm-recipe wprm-recipe-template-create-recipe\"><div class=\"wprm-recipe-template-ts-container\">\n    <div class=\"wprm-ts-top\">\n        <div class=\"wprm-recipe-block-container wprm-recipe-block-container-separated wprm-block-text-normal wprm-recipe-author-container\" style=\"\"><span class=\"wprm-recipe-details-label wprm-block-text-uppercase-faded wprm-recipe-author-label\">Creata da<\/span><span class=\"wprm-recipe-details wprm-recipe-author wprm-block-text-normal\"><a href=\"https:\/\/www.instagram.com\/uovazuccheroefarina\/?hl=es\" target=\"_blank\" rel=\"noopener\">@Maria Luisa Trapanotto<\/a><\/span><\/div>\n    <\/div>\n    \n    <div class=\"wprm-ts-header\">        \n        <div class=\"wprm-recipe-summary wprm-block-text-normal\">La confettura di mirtilli \u00e8 molto semplice da preparare ed \u00e8 un vero concentrato di bont\u00e0. E\u2019 ottima per essere spalmata sul pane, a colazione, ma anche per preparare una crostata, arricchire uno yogurt, del gelato oppure come salsa per il cheesecake. E\u2019 indispensabile nella preparazione della Buchweizentorte, la torta al grano saraceno tipica dell\u2019Alto Adige. I\nmirtilli sono ricchi di antiossidanti, aiutano il fegato, sono un toccasana per la vista e sono particolarmente indicati per chi ha problemi di circolazione.<\/div>\n    <\/div>\n    \n    <div class=\"wprm-ts-main-meta\">\n        <div class=\"wprm-recipe-block-container wprm-recipe-block-container-inline wprm-block-text-normal wprm-recipe-servings-container\" style=\"\"><span class=\"wprm-recipe-details-label wprm-block-text-bold wprm-recipe-servings-label\">Porzioni <\/span><span class=\"wprm-recipe-servings-with-unit\"><span class=\"wprm-recipe-servings wprm-recipe-details wprm-recipe-servings-36733 wprm-recipe-servings-adjustable-disabled wprm-block-text-normal\" data-recipe=\"36733\" aria-label=\"Adjust recipe servings\">4<\/span> <span class=\"wprm-recipe-servings-unit wprm-recipe-details-unit wprm-block-text-normal\">persone<\/span><\/span><\/div>\n        <div class=\"wprm-recipe-meta-container wprm-recipe-times-container wprm-recipe-details-container wprm-recipe-details-container-inline wprm-block-text-normal\" style=\"\"><div class=\"wprm-recipe-block-container wprm-recipe-block-container-inline wprm-block-text-normal wprm-recipe-time-container wprm-recipe-prep-time-container\" style=\"\"><span class=\"wprm-recipe-details-label wprm-block-text-bold wprm-recipe-time-label wprm-recipe-prep-time-label\">Preparazione<\/span><span class=\"wprm-recipe-time wprm-block-text-normal\"><span class=\"wprm-recipe-details wprm-recipe-details-hours wprm-recipe-prep_time wprm-recipe-prep_time-hours\">4<\/span> <span class=\"wprm-recipe-details-unit wprm-recipe-details-unit-hours wprm-recipe-prep_time-unit wprm-recipe-prep_timeunit-hours\">h<\/span> <span class=\"wprm-recipe-details wprm-recipe-details-minutes wprm-recipe-prep_time wprm-recipe-prep_time-minutes\">10<\/span> <span class=\"wprm-recipe-details-unit wprm-recipe-details-minutes wprm-recipe-prep_time-unit wprm-recipe-prep_timeunit-minutes\">min<\/span><\/span><\/div><div class=\"wprm-recipe-block-container wprm-recipe-block-container-inline wprm-block-text-normal wprm-recipe-time-container wprm-recipe-cook-time-container\" style=\"\"><span class=\"wprm-recipe-details-label wprm-block-text-bold wprm-recipe-time-label wprm-recipe-cook-time-label\">Tempo di cottura<\/span><span class=\"wprm-recipe-time wprm-block-text-normal\"><span class=\"wprm-recipe-details wprm-recipe-details-minutes wprm-recipe-cook_time wprm-recipe-cook_time-minutes\">10<\/span> <span class=\"wprm-recipe-details-unit wprm-recipe-details-minutes wprm-recipe-cook_time-unit wprm-recipe-cook_timeunit-minutes\">min<\/span><\/span><\/div><\/div>\n    <\/div>\n    \n    <div class=\"wprm-ts-equipment\">\n        <div class=\"wprm-recipe-equipment-container wprm-block-text-normal\" data-recipe=\"36733\"><h3 class=\"wprm-recipe-header wprm-recipe-equipment-header wprm-block-text-bold wprm-align-left wprm-header-decoration-none\" style=\"\">Prodotti con cui prepararla<\/h3><div class=\"wprm-recipe-equipment wprm-recipe-equipment-images wprm-recipe-equipment-images-align-left\"><div class=\"wprm-recipe-equipment-item wprm-recipe-equipment-item-has-image\"><a href=\"https:\/\/www.create-store.com\/es\/comprar-robot-de-cocina\/175855-chefbot-compact-connect-robot-de-cocina-inteligente-multifuncion-con-cesta-vaporera.html\" class=\"wprm-recipe-equipment-link\" target=\"_blank\"><div class=\"wprm-recipe-equipment-image\"><img loading=\"lazy\" decoding=\"async\" width=\"165\" height=\"165\" src=\"https:\/\/www.create-store.com\/blog\/wp-content\/uploads\/2021\/01\/chefbot-compact-recetario-robot-inteligente-de-cocina-255x255.jpg\" class=\"attachment-165x165 size-165x165\" alt=\"\" srcset=\"https:\/\/www.create-store.com\/blog\/wp-content\/uploads\/2021\/01\/chefbot-compact-recetario-robot-inteligente-de-cocina-255x255.jpg 255w, https:\/\/www.create-store.com\/blog\/wp-content\/uploads\/2021\/01\/chefbot-compact-recetario-robot-inteligente-de-cocina-300x300.jpg 300w, https:\/\/www.create-store.com\/blog\/wp-content\/uploads\/2021\/01\/chefbot-compact-recetario-robot-inteligente-de-cocina-1024x1024.jpg 1024w, https:\/\/www.create-store.com\/blog\/wp-content\/uploads\/2021\/01\/chefbot-compact-recetario-robot-inteligente-de-cocina-150x150.jpg 150w, https:\/\/www.create-store.com\/blog\/wp-content\/uploads\/2021\/01\/chefbot-compact-recetario-robot-inteligente-de-cocina-768x768.jpg 768w, https:\/\/www.create-store.com\/blog\/wp-content\/uploads\/2021\/01\/chefbot-compact-recetario-robot-inteligente-de-cocina-530x530.jpg 530w, https:\/\/www.create-store.com\/blog\/wp-content\/uploads\/2021\/01\/chefbot-compact-recetario-robot-inteligente-de-cocina-750x750.jpg 750w, https:\/\/www.create-store.com\/blog\/wp-content\/uploads\/2021\/01\/chefbot-compact-recetario-robot-inteligente-de-cocina-500x500.jpg 500w, https:\/\/www.create-store.com\/blog\/wp-content\/uploads\/2021\/01\/chefbot-compact-recetario-robot-inteligente-de-cocina-1440x1440.jpg 1440w, https:\/\/www.create-store.com\/blog\/wp-content\/uploads\/2021\/01\/chefbot-compact-recetario-robot-inteligente-de-cocina-1200x1200.jpg 1200w, https:\/\/www.create-store.com\/blog\/wp-content\/uploads\/2021\/01\/chefbot-compact-recetario-robot-inteligente-de-cocina-780x780.jpg 780w, https:\/\/www.create-store.com\/blog\/wp-content\/uploads\/2021\/01\/chefbot-compact-recetario-robot-inteligente-de-cocina-600x600.jpg 600w, https:\/\/www.create-store.com\/blog\/wp-content\/uploads\/2021\/01\/chefbot-compact-recetario-robot-inteligente-de-cocina-550x550.jpg 550w, https:\/\/www.create-store.com\/blog\/wp-content\/uploads\/2021\/01\/chefbot-compact-recetario-robot-inteligente-de-cocina-370x370.jpg 370w, https:\/\/www.create-store.com\/blog\/wp-content\/uploads\/2021\/01\/chefbot-compact-recetario-robot-inteligente-de-cocina.jpg 1500w\" sizes=\"auto, (max-width: 165px) 100vw, 165px\" \/><\/div><div class=\"wprm-recipe-equipment-name\"><\/div><\/a><\/div><div class=\"wprm-recipe-equipment-item wprm-recipe-equipment-item-has-image\"><a href=\"https:\/\/www.create-store.com\/es\/comprar-robot-de-cocina\/146011-chefbot-touch-pro-connect-robot-de-cocina-inteligente-multifuncion-con-pantalla-tactil.html\" class=\"wprm-recipe-equipment-link\" target=\"_blank\"><div class=\"wprm-recipe-equipment-image\"><img loading=\"lazy\" decoding=\"async\" width=\"165\" height=\"165\" src=\"https:\/\/www.create-store.com\/blog\/wp-content\/uploads\/2021\/01\/chefbot-touch-robot-de-cocina-inteligente-cesta-vaporera.jpg\" class=\"attachment-165x165 size-165x165\" alt=\"\" srcset=\"https:\/\/www.create-store.com\/blog\/wp-content\/uploads\/2021\/01\/chefbot-touch-robot-de-cocina-inteligente-cesta-vaporera.jpg 165w, https:\/\/www.create-store.com\/blog\/wp-content\/uploads\/2021\/01\/chefbot-touch-robot-de-cocina-inteligente-cesta-vaporera-150x150.jpg 150w\" sizes=\"auto, (max-width: 165px) 100vw, 165px\" \/><\/div><div class=\"wprm-recipe-equipment-name\"><\/div><\/a><\/div><\/div><\/div>\n    <\/div>\n    \n    <div class=\"wprm-ts-equipment-ingredients\">\n        <div class=\"wprm-recipe-ingredients-container wprm-recipe-36733-ingredients-container wprm-block-text-normal wprm-ingredient-style-regular\" data-recipe=\"36733\" data-servings=\"4\"><h3 class=\"wprm-recipe-header wprm-recipe-ingredients-header wprm-block-text-bold wprm-align-left wprm-header-decoration-none\" style=\"\">Ingredienti<\/h3><div class=\"wprm-recipe-ingredient-group\"><ul class=\"wprm-recipe-ingredients\"><li class=\"wprm-recipe-ingredient\" style=\"list-style-type: disc;\"><span class=\"wprm-recipe-ingredient-amount\">1<\/span>&#32;<span class=\"wprm-recipe-ingredient-unit\">kg<\/span>&#32;<span class=\"wprm-recipe-ingredient-name\">di mirtilli<\/span><\/li><li class=\"wprm-recipe-ingredient\" style=\"list-style-type: disc;\"><span class=\"wprm-recipe-ingredient-amount\">500<\/span>&#32;<span class=\"wprm-recipe-ingredient-unit\">g<\/span>&#32;<span class=\"wprm-recipe-ingredient-name\">di zucchero semolato<\/span><\/li><li class=\"wprm-recipe-ingredient\" style=\"list-style-type: disc;\"><span class=\"wprm-recipe-ingredient-amount\">1<\/span>&#32;<span class=\"wprm-recipe-ingredient-name\">limone con buccia non trattata<\/span><\/li><\/ul><\/div><\/div>\n    <\/div>\n    \n    <div class=\"wprm-ts-instructions\">\n        <div class=\"wprm-recipe-instructions-container wprm-block-text-normal\" data-recipe=\"36733\"><h3 class=\"wprm-recipe-header wprm-recipe-instructions-header wprm-block-text-bold wprm-align-left wprm-header-decoration-none\" style=\"\">Ricetta passo a passo<\/h3><div class=\"wprm-recipe-instruction-group\"><ul class=\"wprm-recipe-instructions\"><li id=\"wprm-recipe-36733-step-0-0\" class=\"wprm-recipe-instruction\" style=\"list-style-type: decimal;\"><div class=\"wprm-recipe-instruction-text\" style=\"margin-bottom: 20px\">Lavare i mirtilli e lasciarli asciugare avvolti in un canovaccio.<\/div><\/li><li id=\"wprm-recipe-36733-step-0-1\" class=\"wprm-recipe-instruction\" style=\"list-style-type: decimal;\"><div class=\"wprm-recipe-instruction-text\" style=\"margin-bottom: 20px\">Grattugiare la scorza del limone.<\/div><\/li><li id=\"wprm-recipe-36733-step-0-2\" class=\"wprm-recipe-instruction\" style=\"list-style-type: decimal;\"><div class=\"wprm-recipe-instruction-text\" style=\"margin-bottom: 20px\">Tagliare il limone a met\u00e0 e spremere il succo.<\/div><\/li><li id=\"wprm-recipe-36733-step-0-3\" class=\"wprm-recipe-instruction\" style=\"list-style-type: decimal;\"><div class=\"wprm-recipe-instruction-text\" style=\"margin-bottom: 20px\">Inserire nel boccale la paletta mescolatrice.<\/div><\/li><li id=\"wprm-recipe-36733-step-0-4\" class=\"wprm-recipe-instruction\" style=\"list-style-type: decimal;\"><div class=\"wprm-recipe-instruction-text\" style=\"margin-bottom: 20px\">Mettere nel boccale i mirtilli, lo zucchero, la scorza grattugiata e il succo di limone. Mescolare con la spatola, chiudere con il coperchio e lasciare riposare per 3 h.<\/div><\/li><li id=\"wprm-recipe-36733-step-0-5\" class=\"wprm-recipe-instruction\" style=\"list-style-type: decimal;\"><div class=\"wprm-recipe-instruction-text\" style=\"margin-bottom: 20px\">Trascorso questo tempo impostare: Programma automatico Cottura a fuoco lento Tempo 50 min.<\/div><\/li><li id=\"wprm-recipe-36733-step-0-6\" class=\"wprm-recipe-instruction\" style=\"list-style-type: decimal;\"><div class=\"wprm-recipe-instruction-text\" style=\"margin-bottom: 20px\">Aprire lo Chefbot e controllare la consistenza della confettura. Se fosse ancora troppo liquida impostare Programma manuale Temperatura 120\u00b0 Tempo 10 min. Vel. 1 antiorario.<\/div><\/li><li id=\"wprm-recipe-36733-step-0-7\" class=\"wprm-recipe-instruction\" style=\"list-style-type: decimal;\"><div class=\"wprm-recipe-instruction-text\" style=\"margin-bottom: 20px\">Invasare la confettura ancora calda nei barattoli precedentemente sterilizzati. Chiudere con i coperchi (nuovi e sterilizzati) e metterli a testa in gi\u00f9 per 24 ore in modo da permettere la formazione del sottovuoto.<\/div><\/li><li id=\"wprm-recipe-36733-step-0-8\" class=\"wprm-recipe-instruction\" style=\"list-style-type: decimal;\"><div class=\"wprm-recipe-instruction-text\" style=\"margin-bottom: 20px\">Al termine, controllare che il sottovuoto sia stato creato e riporre i barattoli in luogo fresco e al buio. Dopo una settimana la confettura di mirtilli \u00e8 pronta per essere consumata. Si mantiene per parecchi mesi; una volta<\/div><\/li><li id=\"wprm-recipe-36733-step-0-9\" class=\"wprm-recipe-instruction\" style=\"list-style-type: decimal;\"><div class=\"wprm-recipe-instruction-text\" style=\"margin-bottom: 20px\">aperto un barattolo conservarlo in frigo.<\/div><\/li><\/ul><\/div><\/div>\n        \n    <\/div>\n    \n    \n<\/div><\/div><\/div>","protected":false},"excerpt":{"rendered":"","protected":false},"author":1,"featured_media":37974,"comment_status":"open","ping_status":"open","sticky":false,"template":"","format":"standard","meta":{"wprm-recipe-roundup-name":[],"wprm-recipe-roundup-description":[],"loftocean_post_format_gallery":"","loftocean_post_format_gallery_ids":"","loftocean_post_format_gallery_urls":"","loftocean_post_format_video_id":0,"loftocean_post_format_video_url":"","loftocean_post_format_video_type":"","loftocean_post_format_video":"","loftocean_post_format_audio_type":"","loftocean_post_format_audio_url":"","loftocean_post_format_audio_id":0,"loftocean_post_format_audio":"","loftocean-featured-post":"","loftocean-like-count":0,"loftocean-view-count":3188,"tinysalt_single_post_intro_label":"","tinysalt_single_post_intro_description":"","tinysalt_hide_before_page_content_ad":"","tinysalt_hide_after_page_content_ad":"","tinysalt_hide_page_header":"","tinysalt_advanced_classname":"","footnotes":""},"categories":[1463,1557,1222,1026,1031,1015,1014,1025,1217,399,1552],"tags":[15046,15045,15015],"class_list":["post-36730","post","type-post","status-publish","format-standard","has-post-thumbnail","hentry","category-alimentazione","category-colazione","category-desayunos","category-internacional","category-ricette-per-prodotto","category-dietas","category-recetas-por-producto","category-recetas-por-tiempo","category-por-tipo-de-plato","category-robotdecocina","category-tipi-di-piatto","tag-limone-con-buccia-non-trattata","tag-mirtilli-2","tag-zucchero-semolato-2"],"recipe":{"id":36733,"image_id":37974,"image_url":"https:\/\/www.create-store.com\/blog\/wp-content\/uploads\/2021\/05\/Confettura-di-mirtilli-scaled.jpg","image_thumbnail_url":"https:\/\/www.create-store.com\/blog\/wp-content\/uploads\/2021\/05\/Confettura-di-mirtilli-150x150.jpg","name":"Confettura di mirtilli","summary":"La confettura di mirtilli \u00e8 molto semplice da preparare ed \u00e8 un vero concentrato di bont\u00e0. E\u2019 ottima per essere spalmata sul pane, a colazione, ma anche per preparare una crostata, arricchire uno yogurt, del gelato oppure come salsa per il cheesecake. E\u2019 indispensabile nella preparazione della Buchweizentorte, la torta al grano saraceno tipica dell\u2019Alto Adige. I\nmirtilli sono ricchi di antiossidanti, aiutano il fegato, sono un toccasana per la vista e sono particolarmente indicati per chi ha problemi di circolazione.","author_name":"@Maria Luisa Trapanotto","author_link":"https:\/\/www.instagram.com\/uovazuccheroefarina\/?hl=es","servings":"4","servings_unit":"persone","prep_time":"250","cook_time":"10","custom_time":"0","custom_time_label":"","categories":[{"term_id":1463,"name":"Alimentazione","slug":"alimentazione","term_group":0,"term_taxonomy_id":1463,"taxonomy":"category","description":"","parent":0,"count":362,"filter":"raw","cat_ID":1463,"category_count":362,"category_description":"","cat_name":"Alimentazione","category_nicename":"alimentazione","category_parent":0,"children":[]},{"term_id":1026,"name":"Internacional","slug":"internacional","term_group":0,"term_taxonomy_id":1026,"taxonomy":"category","description":"","parent":0,"count":632,"filter":"raw","cat_ID":1026,"category_count":632,"category_description":"","cat_name":"Internacional","category_nicename":"internacional","category_parent":0,"children":[]},{"term_id":1031,"name":"Per prodotto","slug":"ricette-per-prodotto","term_group":0,"term_taxonomy_id":1031,"taxonomy":"category","description":"","parent":0,"count":370,"filter":"raw","cat_ID":1031,"category_count":370,"category_description":"","cat_name":"Per prodotto","category_nicename":"ricette-per-prodotto","category_parent":0,"children":[]},{"term_id":1015,"name":"Por Dietas","slug":"dietas","term_group":0,"term_taxonomy_id":1015,"taxonomy":"category","description":"","parent":0,"count":678,"filter":"raw","cat_ID":1015,"category_count":678,"category_description":"","cat_name":"Por Dietas","category_nicename":"dietas","category_parent":0,"children":[]},{"term_id":1014,"name":"Por producto","slug":"recetas-por-producto","term_group":0,"term_taxonomy_id":1014,"taxonomy":"category","description":"","parent":0,"count":744,"filter":"raw","cat_ID":1014,"category_count":744,"category_description":"","cat_name":"Por producto","category_nicename":"recetas-por-producto","category_parent":0,"children":[{"term_id":399,"name":"Robot de cocina","slug":"robotdecocina","term_group":0,"term_taxonomy_id":399,"taxonomy":"category","description":"","parent":1014,"count":813,"filter":"raw","cat_ID":399,"category_count":813,"category_description":"","cat_name":"Robot de cocina","category_nicename":"robotdecocina","category_parent":1014}]},{"term_id":1025,"name":"Por tiempo","slug":"recetas-por-tiempo","term_group":0,"term_taxonomy_id":1025,"taxonomy":"category","description":"","parent":0,"count":650,"filter":"raw","cat_ID":1025,"category_count":650,"category_description":"","cat_name":"Por tiempo","category_nicename":"recetas-por-tiempo","category_parent":0,"children":[]},{"term_id":1217,"name":"Por tipo de plato","slug":"por-tipo-de-plato","term_group":0,"term_taxonomy_id":1217,"taxonomy":"category","description":"","parent":0,"count":754,"filter":"raw","cat_ID":1217,"category_count":754,"category_description":"","cat_name":"Por tipo de plato","category_nicename":"por-tipo-de-plato","category_parent":0,"children":[{"term_id":1222,"name":"Desayunos","slug":"desayunos","term_group":0,"term_taxonomy_id":1222,"taxonomy":"category","description":"","parent":1217,"count":237,"filter":"raw","cat_ID":1222,"category_count":237,"category_description":"","cat_name":"Desayunos","category_nicename":"desayunos","category_parent":1217}]},{"term_id":1552,"name":"Tipi di piatto","slug":"tipi-di-piatto","term_group":0,"term_taxonomy_id":1552,"taxonomy":"category","description":"","parent":0,"count":379,"filter":"raw","cat_ID":1552,"category_count":379,"category_description":"","cat_name":"Tipi di piatto","category_nicename":"tipi-di-piatto","category_parent":0,"children":[{"term_id":1557,"name":"Colazione","slug":"colazione","term_group":0,"term_taxonomy_id":1557,"taxonomy":"category","description":"","parent":1552,"count":118,"filter":"raw","cat_ID":1557,"category_count":118,"category_description":"","cat_name":"Colazione","category_nicename":"colazione","category_parent":1552}]}],"tags":[{"term_id":15046,"name":"Limone con buccia non trattata","slug":"limone-con-buccia-non-trattata","term_group":0,"term_taxonomy_id":15046,"taxonomy":"post_tag","description":"","parent":0,"count":1,"filter":"raw"},{"term_id":15045,"name":"Mirtilli","slug":"mirtilli-2","term_group":0,"term_taxonomy_id":15045,"taxonomy":"post_tag","description":"","parent":0,"count":1,"filter":"raw"},{"term_id":15015,"name":"Zucchero semolato","slug":"zucchero-semolato-2","term_group":0,"term_taxonomy_id":15015,"taxonomy":"post_tag","description":"","parent":0,"count":2,"filter":"raw"}],"products":[{"id":4744,"name":"Chefbot Compact","uid":0,"product_link":"https:\/\/www.create-store.com\/es\/comprar-robot-de-cocina\/175855-chefbot-compact-connect-robot-de-cocina-inteligente-multifuncion-con-cesta-vaporera.html","product_image_url":"https:\/\/www.create-store.com\/blog\/wp-content\/uploads\/2021\/01\/chefbot-compact-recetario-robot-inteligente-de-cocina.jpg"},{"id":4745,"name":"Chefbot Touch","uid":1,"product_link":"https:\/\/www.create-store.com\/es\/comprar-robot-de-cocina\/146011-chefbot-touch-pro-connect-robot-de-cocina-inteligente-multifuncion-con-pantalla-tactil.html","product_image_url":"https:\/\/www.create-store.com\/blog\/wp-content\/uploads\/2021\/01\/chefbot-touch-robot-de-cocina-inteligente-cesta-vaporera.jpg"}],"ingredients":[{"ingredients":[{"amount":"1","unit":"kg","name":"di mirtilli","notes":"","id":12168},{"amount":"500","unit":"g","name":"di zucchero semolato","notes":"","id":15031},{"amount":"1","unit":"","name":"limone con buccia non trattata","notes":"","id":15032}],"name":""}],"instructions":[{"instructions":[{"name":"","text":"Lavare i mirtilli e lasciarli asciugare avvolti in un canovaccio.","image":0},{"name":"","text":"Grattugiare la scorza del limone.","image":0},{"name":"","text":"Tagliare il limone a met\u00e0 e spremere il succo.","image":0},{"name":"","text":"Inserire nel boccale la paletta mescolatrice.","image":0},{"name":"","text":"Mettere nel boccale i mirtilli, lo zucchero, la scorza grattugiata e il succo di limone. Mescolare con la spatola, chiudere con il coperchio e lasciare riposare per 3 h.","image":0},{"name":"","text":"Trascorso questo tempo impostare: Programma automatico Cottura a fuoco lento Tempo 50 min.","image":0},{"name":"","text":"Aprire lo Chefbot e controllare la consistenza della confettura. Se fosse ancora troppo liquida impostare Programma manuale Temperatura 120\u00b0 Tempo 10 min. Vel. 1 antiorario.","image":0},{"name":"","text":"Invasare la confettura ancora calda nei barattoli precedentemente sterilizzati. Chiudere con i coperchi (nuovi e sterilizzati) e metterli a testa in gi\u00f9 per 24 ore in modo da permettere la formazione del sottovuoto.","image":0},{"name":"","text":"Al termine, controllare che il sottovuoto sia stato creato e riporre i barattoli in luogo fresco e al buio. Dopo una settimana la confettura di mirtilli \u00e8 pronta per essere consumata. Si mantiene per parecchi mesi; una volta","image":0},{"name":"","text":"aperto un barattolo conservarlo in frigo.","image":0}],"name":""}],"ingredients_flat":[{"amount":"1","unit":"kg","name":"di mirtilli","notes":"","id":12168,"uid":0,"type":"ingredient"},{"amount":"500","unit":"g","name":"di zucchero semolato","notes":"","id":15031,"uid":1,"type":"ingredient"},{"amount":"1","unit":"","name":"limone con buccia non trattata","notes":"","id":15032,"uid":2,"type":"ingredient"}],"instructions_flat":[{"name":"","text":"Lavare i mirtilli e lasciarli asciugare avvolti in un canovaccio.","image":0,"uid":0,"type":"instruction","image_url":""},{"name":"","text":"Grattugiare la scorza del limone.","image":0,"uid":1,"type":"instruction","image_url":""},{"name":"","text":"Tagliare il limone a met\u00e0 e spremere il succo.","image":0,"uid":2,"type":"instruction","image_url":""},{"name":"","text":"Inserire nel boccale la paletta mescolatrice.","image":0,"uid":3,"type":"instruction","image_url":""},{"name":"","text":"Mettere nel boccale i mirtilli, lo zucchero, la scorza grattugiata e il succo di limone. Mescolare con la spatola, chiudere con il coperchio e lasciare riposare per 3 h.","image":0,"uid":4,"type":"instruction","image_url":""},{"name":"","text":"Trascorso questo tempo impostare: Programma automatico Cottura a fuoco lento Tempo 50 min.","image":0,"uid":5,"type":"instruction","image_url":""},{"name":"","text":"Aprire lo Chefbot e controllare la consistenza della confettura. Se fosse ancora troppo liquida impostare Programma manuale Temperatura 120\u00b0 Tempo 10 min. Vel. 1 antiorario.","image":0,"uid":6,"type":"instruction","image_url":""},{"name":"","text":"Invasare la confettura ancora calda nei barattoli precedentemente sterilizzati. Chiudere con i coperchi (nuovi e sterilizzati) e metterli a testa in gi\u00f9 per 24 ore in modo da permettere la formazione del sottovuoto.","image":0,"uid":7,"type":"instruction","image_url":""},{"name":"","text":"Al termine, controllare che il sottovuoto sia stato creato e riporre i barattoli in luogo fresco e al buio. Dopo una settimana la confettura di mirtilli \u00e8 pronta per essere consumata. Si mantiene per parecchi mesi; una volta","image":0,"uid":8,"type":"instruction","image_url":""},{"name":"","text":"aperto un barattolo conservarlo in frigo.","image":0,"uid":9,"type":"instruction","image_url":""}],"video_id":0,"video_embed":"","video_thumb_url":"https:\/\/www.create-store.com\/blog\/wp-content\/uploads\/2021\/05\/Confettura-di-mirtilli-150x150.jpg","notes":""},"_links":{"self":[{"href":"https:\/\/www.create-store.com\/blog\/it\/wp-json\/wp\/v2\/posts\/36730","targetHints":{"allow":["GET"]}}],"collection":[{"href":"https:\/\/www.create-store.com\/blog\/it\/wp-json\/wp\/v2\/posts"}],"about":[{"href":"https:\/\/www.create-store.com\/blog\/it\/wp-json\/wp\/v2\/types\/post"}],"author":[{"embeddable":true,"href":"https:\/\/www.create-store.com\/blog\/it\/wp-json\/wp\/v2\/users\/1"}],"replies":[{"embeddable":true,"href":"https:\/\/www.create-store.com\/blog\/it\/wp-json\/wp\/v2\/comments?post=36730"}],"version-history":[{"count":3,"href":"https:\/\/www.create-store.com\/blog\/it\/wp-json\/wp\/v2\/posts\/36730\/revisions"}],"predecessor-version":[{"id":39087,"href":"https:\/\/www.create-store.com\/blog\/it\/wp-json\/wp\/v2\/posts\/36730\/revisions\/39087"}],"wp:featuredmedia":[{"embeddable":true,"href":"https:\/\/www.create-store.com\/blog\/it\/wp-json\/wp\/v2\/media\/37974"}],"wp:attachment":[{"href":"https:\/\/www.create-store.com\/blog\/it\/wp-json\/wp\/v2\/media?parent=36730"}],"wp:term":[{"taxonomy":"category","embeddable":true,"href":"https:\/\/www.create-store.com\/blog\/it\/wp-json\/wp\/v2\/categories?post=36730"},{"taxonomy":"post_tag","embeddable":true,"href":"https:\/\/www.create-store.com\/blog\/it\/wp-json\/wp\/v2\/tags?post=36730"}],"curies":[{"name":"wp","href":"https:\/\/api.w.org\/{rel}","templated":true}]}}