{"id":34162,"date":"2021-05-08T06:00:00","date_gmt":"2021-05-08T04:00:00","guid":{"rendered":"https:\/\/www.ikohs.com\/es\/blog\/?p=34162"},"modified":"2021-05-07T12:13:15","modified_gmt":"2021-05-07T10:13:15","slug":"pommes-de-terre-au-four-avec-sauce-bolognaise","status":"publish","type":"post","link":"https:\/\/www.create-store.com\/blog\/fr\/pommes-de-terre-au-four-avec-sauce-bolognaise\/","title":{"rendered":"Pommes de terre au four avec sauce bolognaise"},"content":{"rendered":"<div id=\"wprm-recipe-container-34166\" class=\"wprm-recipe-container\" data-recipe-id=\"34166\" data-servings=\"2\"><div class=\"wprm-recipe wprm-recipe-template-create-recipe\"><div class=\"wprm-recipe-template-ts-container\">\n    <div class=\"wprm-ts-top\">\n        <div class=\"wprm-recipe-block-container wprm-recipe-block-container-separated wprm-block-text-normal wprm-recipe-author-container\" style=\"\"><span class=\"wprm-recipe-details-label wprm-block-text-uppercase-faded wprm-recipe-author-label\">Faite par<\/span><span class=\"wprm-recipe-details wprm-recipe-author wprm-block-text-normal\"><a href=\"https:\/\/www.instagram.com\/lacucharazul\/\" target=\"_blank\" rel=\"noopener\">@lacucharazul<\/a><\/span><\/div>\n    <\/div>\n    \n    <div class=\"wprm-ts-header\">        \n        <div class=\"wprm-recipe-summary wprm-block-text-normal\">La pomme de terre est un tubercule tr\u00e8s polyvalent, car elle peut \u00eatre utilis\u00e9e aussi bien comme accompagnement que pour pr\u00e9parer des plats plus consistants. Dans cette recette, vous apprendrez \u00e0 faire cuire des pommes de terre \u00e0 le fryer air de mani\u00e8re rapide, propre et \u00e9conomique. Une fois r\u00f4ties, vous pouvez les consommer de mille fa\u00e7ons diff\u00e9rentes, mais nous vous sugg\u00e9rons de faire une pomme de terre farcie \u00e0 la bolognaise et au fromage gratin\u00e9. \u00c7a sonne bien, n&rsquo;est-ce pas ? Comme alternatives, nous sugg\u00e9rons le poulet r\u00f4ti, la sauce pesto, le thon, le fromage bleu, l&rsquo;oignon caram\u00e9lis\u00e9&#8230; C&rsquo;est au choix du chef.<\/div>\n    <\/div>\n    \n    <div class=\"wprm-ts-main-meta\">\n        <div class=\"wprm-recipe-block-container wprm-recipe-block-container-inline wprm-block-text-normal wprm-recipe-servings-container\" style=\"\"><span class=\"wprm-recipe-details-label wprm-block-text-bold wprm-recipe-servings-label\">Portions <\/span><span class=\"wprm-recipe-servings-with-unit\"><span class=\"wprm-recipe-servings wprm-recipe-details wprm-recipe-servings-34166 wprm-recipe-servings-adjustable-disabled wprm-block-text-normal\" data-recipe=\"34166\" aria-label=\"Adjust recipe servings\">2<\/span> <span class=\"wprm-recipe-servings-unit wprm-recipe-details-unit wprm-block-text-normal\">personnes<\/span><\/span><\/div>\n        <div class=\"wprm-recipe-meta-container wprm-recipe-times-container wprm-recipe-details-container wprm-recipe-details-container-inline wprm-block-text-normal\" style=\"\"><div class=\"wprm-recipe-block-container wprm-recipe-block-container-inline wprm-block-text-normal wprm-recipe-time-container wprm-recipe-prep-time-container\" style=\"\"><span class=\"wprm-recipe-details-label wprm-block-text-bold wprm-recipe-time-label wprm-recipe-prep-time-label\">Temps de pr\u00e9paration<\/span><span class=\"wprm-recipe-time wprm-block-text-normal\"><span class=\"wprm-recipe-details wprm-recipe-details-minutes wprm-recipe-prep_time wprm-recipe-prep_time-minutes\">45<\/span> <span class=\"wprm-recipe-details-unit wprm-recipe-details-minutes wprm-recipe-prep_time-unit wprm-recipe-prep_timeunit-minutes\">min<\/span><\/span><\/div><div class=\"wprm-recipe-block-container wprm-recipe-block-container-inline wprm-block-text-normal wprm-recipe-time-container wprm-recipe-cook-time-container\" style=\"\"><span class=\"wprm-recipe-details-label wprm-block-text-bold wprm-recipe-time-label wprm-recipe-cook-time-label\">Temps de cuisson<\/span><span class=\"wprm-recipe-time wprm-block-text-normal\"><span class=\"wprm-recipe-details wprm-recipe-details-minutes wprm-recipe-cook_time wprm-recipe-cook_time-minutes\">4<\/span> <span class=\"wprm-recipe-details-unit wprm-recipe-details-minutes wprm-recipe-cook_time-unit wprm-recipe-cook_timeunit-minutes\">min<\/span><\/span><\/div><\/div>\n    <\/div>\n    \n    <div class=\"wprm-ts-equipment\">\n        <div class=\"wprm-recipe-equipment-container wprm-block-text-normal\" data-recipe=\"34166\"><h3 class=\"wprm-recipe-header wprm-recipe-equipment-header wprm-block-text-bold wprm-align-left wprm-header-decoration-none\" style=\"\">Produits pour le pr\u00e9parer avec<\/h3><div class=\"wprm-recipe-equipment wprm-recipe-equipment-images wprm-recipe-equipment-images-align-left\"><div class=\"wprm-recipe-equipment-item wprm-recipe-equipment-item-has-image\"><a href=\"https:\/\/www.create-store.com\/fr\/acheter-friteuse\/52025-fryer-air-pro-friteuse-sans-huile.html?id_c=103791\" class=\"wprm-recipe-equipment-link\" target=\"_blank\"><div class=\"wprm-recipe-equipment-image\"><img loading=\"lazy\" decoding=\"async\" width=\"165\" height=\"165\" src=\"https:\/\/www.create-store.com\/blog\/wp-content\/uploads\/2024\/06\/air-fryer-pro-compact-freidora-sin-aceite-35-l-300x300.jpg\" class=\"attachment-165x165 size-165x165\" alt=\"\" srcset=\"https:\/\/www.create-store.com\/blog\/wp-content\/uploads\/2024\/06\/air-fryer-pro-compact-freidora-sin-aceite-35-l-300x300.jpg 300w, https:\/\/www.create-store.com\/blog\/wp-content\/uploads\/2024\/06\/air-fryer-pro-compact-freidora-sin-aceite-35-l-150x150.jpg 150w, https:\/\/www.create-store.com\/blog\/wp-content\/uploads\/2024\/06\/air-fryer-pro-compact-freidora-sin-aceite-35-l-500x500.jpg 500w, https:\/\/www.create-store.com\/blog\/wp-content\/uploads\/2024\/06\/air-fryer-pro-compact-freidora-sin-aceite-35-l-600x600.jpg 600w\" sizes=\"auto, (max-width: 165px) 100vw, 165px\" \/><\/div><div class=\"wprm-recipe-equipment-name\"><\/div><\/a><\/div><div class=\"wprm-recipe-equipment-item wprm-recipe-equipment-item-has-image\"><a href=\"https:\/\/www.create-store.com\/fr\/acheter-friteuse\/10843-fryer-air-friteuse-sans-huile.html\" class=\"wprm-recipe-equipment-link\" target=\"_blank\"><div class=\"wprm-recipe-equipment-image\"><img loading=\"lazy\" decoding=\"async\" width=\"165\" height=\"165\" src=\"https:\/\/www.create-store.com\/blog\/wp-content\/uploads\/2024\/06\/air-fryer-freidora-sin-aceite-15-l-300x300.jpg\" class=\"attachment-165x165 size-165x165\" alt=\"\" srcset=\"https:\/\/www.create-store.com\/blog\/wp-content\/uploads\/2024\/06\/air-fryer-freidora-sin-aceite-15-l-300x300.jpg 300w, https:\/\/www.create-store.com\/blog\/wp-content\/uploads\/2024\/06\/air-fryer-freidora-sin-aceite-15-l-150x150.jpg 150w, https:\/\/www.create-store.com\/blog\/wp-content\/uploads\/2024\/06\/air-fryer-freidora-sin-aceite-15-l-500x500.jpg 500w, https:\/\/www.create-store.com\/blog\/wp-content\/uploads\/2024\/06\/air-fryer-freidora-sin-aceite-15-l-600x600.jpg 600w\" sizes=\"auto, (max-width: 165px) 100vw, 165px\" \/><\/div><div class=\"wprm-recipe-equipment-name\"><\/div><\/a><\/div><\/div><\/div>\n    <\/div>\n    \n    <div class=\"wprm-ts-equipment-ingredients\">\n        <div class=\"wprm-recipe-ingredients-container wprm-recipe-34166-ingredients-container wprm-block-text-normal wprm-ingredient-style-regular\" data-recipe=\"34166\" data-servings=\"2\"><h3 class=\"wprm-recipe-header wprm-recipe-ingredients-header wprm-block-text-bold wprm-align-left wprm-header-decoration-none\" style=\"\">Ingr\u00e9dients<\/h3><div class=\"wprm-recipe-ingredient-group\"><ul class=\"wprm-recipe-ingredients\"><li class=\"wprm-recipe-ingredient\" style=\"list-style-type: disc;\"><span class=\"wprm-recipe-ingredient-amount\">140<\/span>&#32;<span class=\"wprm-recipe-ingredient-unit\">g<\/span>&#32;<span class=\"wprm-recipe-ingredient-name\">de petites pommes de terre<\/span><\/li><li class=\"wprm-recipe-ingredient\" style=\"list-style-type: disc;\"><span class=\"wprm-recipe-ingredient-amount\">250<\/span>&#32;<span class=\"wprm-recipe-ingredient-unit\">g<\/span>&#32;<span class=\"wprm-recipe-ingredient-name\">de sauce bolognaise<\/span>&#32;<span class=\"wprm-recipe-ingredient-notes wprm-recipe-ingredient-notes-normal\">(doit \u00eatre \u00e9paisse)<\/span><\/li><li class=\"wprm-recipe-ingredient\" style=\"list-style-type: disc;\"><span class=\"wprm-recipe-ingredient-amount\">50<\/span>&#32;<span class=\"wprm-recipe-ingredient-unit\">g<\/span>&#32;<span class=\"wprm-recipe-ingredient-name\">de fromage r\u00e2p\u00e9<\/span><\/li><li class=\"wprm-recipe-ingredient\" style=\"list-style-type: disc;\"><span class=\"wprm-recipe-ingredient-name\">Sel et poivre au go\u00fbt<\/span><\/li><\/ul><\/div><\/div>\n    <\/div>\n    \n    <div class=\"wprm-ts-instructions\">\n        <div class=\"wprm-recipe-instructions-container wprm-block-text-normal\" data-recipe=\"34166\"><h3 class=\"wprm-recipe-header wprm-recipe-instructions-header wprm-block-text-bold wprm-align-left wprm-header-decoration-none\" style=\"\">Elaboration \u00e9tape par \u00e9tape<\/h3><div class=\"wprm-recipe-instruction-group\"><ul class=\"wprm-recipe-instructions\"><li id=\"wprm-recipe-34166-step-0-0\" class=\"wprm-recipe-instruction\" style=\"list-style-type: decimal;\"><div class=\"wprm-recipe-instruction-text\" style=\"margin-bottom: 20px\">Retirez la po\u00eale de le fryer air et placez les deux petites pommes de terre dans leur peau, propres et s\u00e8ches. Mettez la po\u00eale dans le fryer air et faites cuire pendant 30 minutes \u00e0 180\u00baC.<\/div><\/li><li id=\"wprm-recipe-34166-step-0-1\" class=\"wprm-recipe-instruction\" style=\"list-style-type: decimal;\"><div class=\"wprm-recipe-instruction-text\" style=\"margin-bottom: 20px\">Percez les pommes de terre avec un couteau et, si elles sont encore dures, programmez quelques minutes de plus.<\/div><\/li><li id=\"wprm-recipe-34166-step-0-2\" class=\"wprm-recipe-instruction\" style=\"list-style-type: decimal;\"><div class=\"wprm-recipe-instruction-text\" style=\"margin-bottom: 20px\">Retirez les pommes de terre de le fryer air. Coupez les pommes de terre en deux et faites quelques incisions sur la surface. Ajoutez du sel et du poivre selon votre go\u00fbt.<\/div><\/li><li id=\"wprm-recipe-34166-step-0-3\" class=\"wprm-recipe-instruction\" style=\"list-style-type: decimal;\"><div class=\"wprm-recipe-instruction-text\" style=\"margin-bottom: 20px\">R\u00e9partissez ensuite les 250 g de sauce bolognaise sur les moiti\u00e9s de pommes de terre. Placez les pommes de terre dans le panier et placez la po\u00eale \u00e0 frire dans le fryer air. Cuire pendant 10 minutes \u00e0 180\u00b0C.<\/div><\/li><li id=\"wprm-recipe-34166-step-0-4\" class=\"wprm-recipe-instruction\" style=\"list-style-type: decimal;\"><div class=\"wprm-recipe-instruction-text\" style=\"margin-bottom: 20px\">Retirez la po\u00eale et ajoutez du fromage r\u00e2p\u00e9 sur les pommes de terre. Mettez 5 minutes de plus \u00e0 180\u00baC pour faire dorer les pommes de terre.<\/div><\/li><li id=\"wprm-recipe-34166-step-0-5\" class=\"wprm-recipe-instruction\" style=\"list-style-type: decimal;\"><div class=\"wprm-recipe-instruction-text\" style=\"margin-bottom: 20px\">Retirez les pommes de terre de le fryer air et servez-les encore chaudes.<\/div><\/li><\/ul><\/div><\/div>\n        \n    <\/div>\n    \n    \n<\/div><\/div><\/div>","protected":false},"excerpt":{"rendered":"","protected":false},"author":1,"featured_media":33366,"comment_status":"open","ping_status":"open","sticky":false,"template":"","format":"standard","meta":{"wprm-recipe-roundup-name":[],"wprm-recipe-roundup-description":[],"loftocean_post_format_gallery":"","loftocean_post_format_gallery_ids":"","loftocean_post_format_gallery_urls":"","loftocean_post_format_video_id":0,"loftocean_post_format_video_url":"","loftocean_post_format_video_type":"","loftocean_post_format_video":"","loftocean_post_format_audio_type":"","loftocean_post_format_audio_url":"","loftocean_post_format_audio_id":0,"loftocean_post_format_audio":"","loftocean-featured-post":"","loftocean-like-count":0,"loftocean-view-count":3447,"tinysalt_single_post_intro_label":"","tinysalt_single_post_intro_description":"","tinysalt_hide_before_page_content_ad":"","tinysalt_hide_after_page_content_ad":"","tinysalt_hide_page_header":"","tinysalt_advanced_classname":"","footnotes":""},"categories":[1639,1621,1033,2696,1032,1596,1638,1579,2113,472],"tags":[4138,4091,789],"class_list":["post-34162","post","type-post","status-publish","format-standard","has-post-thumbnail","hentry","category-aperitif","category-cuisine-internationale","category-dietetique","category-friteuse-sans-huile","category-recettes-par-produit","category-par-temps-de-preparation","category-par-type-de-plat-fr-8","category-sans-gluten","category-vegetalien","category-vegetalien-vegetarien","tag-fromage-rape","tag-poivre-fr","tag-pommes-de-terre"],"recipe":{"id":34166,"image_id":33364,"image_url":"https:\/\/www.create-store.com\/blog\/wp-content\/uploads\/2021\/05\/Patatas-asadas-con-bolonesa.jpg","image_thumbnail_url":"https:\/\/www.create-store.com\/blog\/wp-content\/uploads\/2021\/05\/Patatas-asadas-con-bolonesa-150x150.jpg","name":"Pommes de terre au four avec sauce bolognaise","summary":"La pomme de terre est un tubercule tr\u00e8s polyvalent, car elle peut \u00eatre utilis\u00e9e aussi bien comme accompagnement que pour pr\u00e9parer des plats plus consistants. Dans cette recette, vous apprendrez \u00e0 faire cuire des pommes de terre \u00e0 le fryer air de mani\u00e8re rapide, propre et \u00e9conomique. Une fois r\u00f4ties, vous pouvez les consommer de mille fa\u00e7ons diff\u00e9rentes, mais nous vous sugg\u00e9rons de faire une pomme de terre farcie \u00e0 la bolognaise et au fromage gratin\u00e9. \u00c7a sonne bien, n'est-ce pas ? Comme alternatives, nous sugg\u00e9rons le poulet r\u00f4ti, la sauce pesto, le thon, le fromage bleu, l'oignon caram\u00e9lis\u00e9... C'est au choix du chef.","author_name":"@lacucharazul","author_link":"https:\/\/www.instagram.com\/lacucharazul\/","servings":"2","servings_unit":"personnes","prep_time":"45","cook_time":"4","custom_time":"0","custom_time_label":"","categories":[{"term_id":1621,"name":"Cuisine internationale","slug":"cuisine-internationale","term_group":0,"term_taxonomy_id":1621,"taxonomy":"category","description":"","parent":0,"count":187,"filter":"raw","cat_ID":1621,"category_count":187,"category_description":"","cat_name":"Cuisine internationale","category_nicename":"cuisine-internationale","category_parent":0,"children":[]},{"term_id":1033,"name":"Di\u00e9t\u00e9tique","slug":"dietetique","term_group":0,"term_taxonomy_id":1033,"taxonomy":"category","description":"","parent":0,"count":261,"filter":"raw","cat_ID":1033,"category_count":261,"category_description":"","cat_name":"Di\u00e9t\u00e9tique","category_nicename":"dietetique","category_parent":0,"children":[{"term_id":1579,"name":"Sans gluten","slug":"sans-gluten","term_group":0,"term_taxonomy_id":1579,"taxonomy":"category","description":"","parent":1033,"count":246,"filter":"raw","cat_ID":1579,"category_count":246,"category_description":"","cat_name":"Sans gluten","category_nicename":"sans-gluten","category_parent":1033},{"term_id":2113,"name":"V\u00e9g\u00e9talien","slug":"vegetalien","term_group":0,"term_taxonomy_id":2113,"taxonomy":"category","description":"","parent":1033,"count":175,"filter":"raw","cat_ID":2113,"category_count":175,"category_description":"","cat_name":"V\u00e9g\u00e9talien","category_nicename":"vegetalien","category_parent":1033},{"term_id":472,"name":"V\u00e9g\u00e9tarien","slug":"vegetalien-vegetarien","term_group":0,"term_taxonomy_id":472,"taxonomy":"category","description":"","parent":1033,"count":281,"filter":"raw","cat_ID":472,"category_count":281,"category_description":"","cat_name":"V\u00e9g\u00e9tarien","category_nicename":"vegetalien-vegetarien","category_parent":1033}]},{"term_id":1032,"name":"Par produit","slug":"recettes-par-produit","term_group":0,"term_taxonomy_id":1032,"taxonomy":"category","description":"","parent":0,"count":258,"filter":"raw","cat_ID":1032,"category_count":258,"category_description":"","cat_name":"Par produit","category_nicename":"recettes-par-produit","category_parent":0,"children":[{"term_id":2696,"name":"Friteuse sans huile","slug":"friteuse-sans-huile","term_group":0,"term_taxonomy_id":2696,"taxonomy":"category","description":"","parent":1032,"count":82,"filter":"raw","cat_ID":2696,"category_count":82,"category_description":"","cat_name":"Friteuse sans huile","category_nicename":"friteuse-sans-huile","category_parent":1032}]},{"term_id":1596,"name":"Par temps de pr\u00e9paration","slug":"par-temps-de-preparation","term_group":0,"term_taxonomy_id":1596,"taxonomy":"category","description":"","parent":0,"count":226,"filter":"raw","cat_ID":1596,"category_count":226,"category_description":"","cat_name":"Par temps de pr\u00e9paration","category_nicename":"par-temps-de-preparation","category_parent":0,"children":[]},{"term_id":1638,"name":"Par type de plat","slug":"par-type-de-plat-fr-8","term_group":0,"term_taxonomy_id":1638,"taxonomy":"category","description":"","parent":0,"count":270,"filter":"raw","cat_ID":1638,"category_count":270,"category_description":"","cat_name":"Par type de plat","category_nicename":"par-type-de-plat-fr-8","category_parent":0,"children":[{"term_id":1639,"name":"Ap\u00e9ritif","slug":"aperitif","term_group":0,"term_taxonomy_id":1639,"taxonomy":"category","description":"","parent":1638,"count":97,"filter":"raw","cat_ID":1639,"category_count":97,"category_description":"","cat_name":"Ap\u00e9ritif","category_nicename":"aperitif","category_parent":1638}]}],"tags":[{"term_id":4138,"name":"Fromage r\u00e2p\u00e9","slug":"fromage-rape","term_group":0,"term_taxonomy_id":4138,"taxonomy":"post_tag","description":"","parent":0,"count":2,"filter":"raw"},{"term_id":4091,"name":"Poivre","slug":"poivre-fr","term_group":0,"term_taxonomy_id":4091,"taxonomy":"post_tag","description":"","parent":0,"count":6,"filter":"raw"},{"term_id":789,"name":"Pommes de terre","slug":"pommes-de-terre","term_group":0,"term_taxonomy_id":789,"taxonomy":"post_tag","description":"","parent":0,"count":8,"filter":"raw"}],"products":[{"id":5726,"name":"AIR FRYER COMPACT","uid":0,"product_link":"https:\/\/www.create-store.com\/fr\/acheter-friteuse\/52025-fryer-air-pro-friteuse-sans-huile.html?id_c=103791","product_image_url":"https:\/\/www.create-store.com\/blog\/wp-content\/uploads\/2024\/06\/air-fryer-pro-compact-freidora-sin-aceite-35-l.jpg"},{"id":5713,"name":"Air Fryer","uid":1,"product_link":"https:\/\/www.create-store.com\/fr\/acheter-friteuse\/10843-fryer-air-friteuse-sans-huile.html","product_image_url":"https:\/\/www.create-store.com\/blog\/wp-content\/uploads\/2024\/06\/air-fryer-freidora-sin-aceite-15-l.jpg"}],"ingredients":[{"ingredients":[{"amount":"140","unit":"g","name":"de petites pommes de terre","notes":"","id":14395},{"amount":"250","unit":"g","name":"de sauce bolognaise","notes":"doit \u00eatre \u00e9paisse","id":14396},{"amount":"50","unit":"g","name":"de fromage r\u00e2p\u00e9","notes":"","id":8585},{"amount":"","unit":"","name":"Sel et poivre au go\u00fbt","notes":"","id":13049}],"name":""}],"instructions":[{"instructions":[{"name":"","text":"Retirez la po\u00eale de le fryer air et placez les deux petites pommes de terre dans leur peau, propres et s\u00e8ches. Mettez la po\u00eale dans le fryer air et faites cuire pendant 30 minutes \u00e0 180\u00baC.","image":0},{"name":"","text":"Percez les pommes de terre avec un couteau et, si elles sont encore dures, programmez quelques minutes de plus.","image":0},{"name":"","text":"Retirez les pommes de terre de le fryer air. Coupez les pommes de terre en deux et faites quelques incisions sur la surface. Ajoutez du sel et du poivre selon votre go\u00fbt.","image":0},{"name":"","text":"R\u00e9partissez ensuite les 250 g de sauce bolognaise sur les moiti\u00e9s de pommes de terre. Placez les pommes de terre dans le panier et placez la po\u00eale \u00e0 frire dans le fryer air. Cuire pendant 10 minutes \u00e0 180\u00b0C.","image":0},{"name":"","text":"Retirez la po\u00eale et ajoutez du fromage r\u00e2p\u00e9 sur les pommes de terre. Mettez 5 minutes de plus \u00e0 180\u00baC pour faire dorer les pommes de terre.","image":0},{"name":"","text":"Retirez les pommes de terre de le fryer air et servez-les encore chaudes.","image":0}],"name":""}],"ingredients_flat":[{"amount":"140","unit":"g","name":"de petites pommes de terre","notes":"","id":14395,"uid":0,"type":"ingredient"},{"amount":"250","unit":"g","name":"de sauce bolognaise","notes":"doit \u00eatre \u00e9paisse","id":14396,"uid":1,"type":"ingredient"},{"amount":"50","unit":"g","name":"de fromage r\u00e2p\u00e9","notes":"","id":8585,"uid":2,"type":"ingredient"},{"amount":"","unit":"","name":"Sel et poivre au go\u00fbt","notes":"","id":13049,"uid":3,"type":"ingredient"}],"instructions_flat":[{"name":"","text":"Retirez la po\u00eale de le fryer air et placez les deux petites pommes de terre dans leur peau, propres et s\u00e8ches. Mettez la po\u00eale dans le fryer air et faites cuire pendant 30 minutes \u00e0 180\u00baC.","image":0,"uid":0,"type":"instruction","image_url":""},{"name":"","text":"Percez les pommes de terre avec un couteau et, si elles sont encore dures, programmez quelques minutes de plus.","image":0,"uid":1,"type":"instruction","image_url":""},{"name":"","text":"Retirez les pommes de terre de le fryer air. Coupez les pommes de terre en deux et faites quelques incisions sur la surface. Ajoutez du sel et du poivre selon votre go\u00fbt.","image":0,"uid":2,"type":"instruction","image_url":""},{"name":"","text":"R\u00e9partissez ensuite les 250 g de sauce bolognaise sur les moiti\u00e9s de pommes de terre. Placez les pommes de terre dans le panier et placez la po\u00eale \u00e0 frire dans le fryer air. Cuire pendant 10 minutes \u00e0 180\u00b0C.","image":0,"uid":3,"type":"instruction","image_url":""},{"name":"","text":"Retirez la po\u00eale et ajoutez du fromage r\u00e2p\u00e9 sur les pommes de terre. Mettez 5 minutes de plus \u00e0 180\u00baC pour faire dorer les pommes de terre.","image":0,"uid":4,"type":"instruction","image_url":""},{"name":"","text":"Retirez les pommes de terre de le fryer air et servez-les encore chaudes.","image":0,"uid":5,"type":"instruction","image_url":""}],"video_id":0,"video_embed":"","video_thumb_url":"https:\/\/www.create-store.com\/blog\/wp-content\/uploads\/2021\/05\/Patatas-asadas-con-bolonesa-150x150.jpg","notes":""},"_links":{"self":[{"href":"https:\/\/www.create-store.com\/blog\/fr\/wp-json\/wp\/v2\/posts\/34162","targetHints":{"allow":["GET"]}}],"collection":[{"href":"https:\/\/www.create-store.com\/blog\/fr\/wp-json\/wp\/v2\/posts"}],"about":[{"href":"https:\/\/www.create-store.com\/blog\/fr\/wp-json\/wp\/v2\/types\/post"}],"author":[{"embeddable":true,"href":"https:\/\/www.create-store.com\/blog\/fr\/wp-json\/wp\/v2\/users\/1"}],"replies":[{"embeddable":true,"href":"https:\/\/www.create-store.com\/blog\/fr\/wp-json\/wp\/v2\/comments?post=34162"}],"version-history":[{"count":2,"href":"https:\/\/www.create-store.com\/blog\/fr\/wp-json\/wp\/v2\/posts\/34162\/revisions"}],"predecessor-version":[{"id":34270,"href":"https:\/\/www.create-store.com\/blog\/fr\/wp-json\/wp\/v2\/posts\/34162\/revisions\/34270"}],"wp:featuredmedia":[{"embeddable":true,"href":"https:\/\/www.create-store.com\/blog\/fr\/wp-json\/wp\/v2\/media\/33366"}],"wp:attachment":[{"href":"https:\/\/www.create-store.com\/blog\/fr\/wp-json\/wp\/v2\/media?parent=34162"}],"wp:term":[{"taxonomy":"category","embeddable":true,"href":"https:\/\/www.create-store.com\/blog\/fr\/wp-json\/wp\/v2\/categories?post=34162"},{"taxonomy":"post_tag","embeddable":true,"href":"https:\/\/www.create-store.com\/blog\/fr\/wp-json\/wp\/v2\/tags?post=34162"}],"curies":[{"name":"wp","href":"https:\/\/api.w.org\/{rel}","templated":true}]}}