{"id":68792,"date":"2024-07-22T13:15:07","date_gmt":"2024-07-22T11:15:07","guid":{"rendered":"https:\/\/www.create-store.com\/blog\/?p=68792"},"modified":"2024-07-22T13:15:08","modified_gmt":"2024-07-22T11:15:08","slug":"lasana-2","status":"publish","type":"post","link":"https:\/\/www.create-store.com\/blog\/es\/lasana-2\/","title":{"rendered":"LASA\u00d1A"},"content":{"rendered":"<div id=\"wprm-recipe-container-68793\" class=\"wprm-recipe-container\" data-recipe-id=\"68793\" data-servings=\"4\"><div class=\"wprm-recipe wprm-recipe-template-create-recipe\"><div class=\"wprm-recipe-template-ts-container\">\n    <div class=\"wprm-ts-top\">\n        <div class=\"wprm-recipe-block-container wprm-recipe-block-container-separated wprm-block-text-normal wprm-recipe-author-container\" style=\"\"><span class=\"wprm-recipe-details-label wprm-block-text-uppercase-faded wprm-recipe-author-label\">Realizada por<\/span><span class=\"wprm-recipe-details wprm-recipe-author wprm-block-text-normal\">CREATE<\/span><\/div>\n    <\/div>\n    \n    <div class=\"wprm-ts-header\">        \n        <div class=\"wprm-recipe-summary wprm-block-text-normal\">Uno de los platos favoritos por excelencia. Esta combinaci\u00f3n de pasta, carne, bechamel y queso es una receta muy saciante y reconfortante. La lasa\u00f1a es una de las estrellas de la cocina italiana, pero triunfa en pa\u00edses de todo el mundo. Te ense\u00f1amos a prepararla en casa para que puedas disfrutarla siempre que se te antoje.<\/div>\n    <\/div>\n    \n    <div class=\"wprm-ts-main-meta\">\n        <div class=\"wprm-recipe-block-container wprm-recipe-block-container-inline wprm-block-text-normal wprm-recipe-servings-container\" style=\"\"><span class=\"wprm-recipe-details-label wprm-block-text-bold wprm-recipe-servings-label\">Raciones <\/span><span class=\"wprm-recipe-servings-with-unit\"><span class=\"wprm-recipe-servings wprm-recipe-details wprm-recipe-servings-68793 wprm-recipe-servings-adjustable-disabled wprm-block-text-normal\" data-recipe=\"68793\" aria-label=\"Adjust recipe servings\">4<\/span> <span class=\"wprm-recipe-servings-unit wprm-recipe-details-unit wprm-block-text-normal\">personas<\/span><\/span><\/div>\n        <div class=\"wprm-recipe-meta-container wprm-recipe-times-container wprm-recipe-details-container wprm-recipe-details-container-inline wprm-block-text-normal\" style=\"\"><div class=\"wprm-recipe-block-container wprm-recipe-block-container-inline wprm-block-text-normal wprm-recipe-time-container wprm-recipe-prep-time-container\" style=\"\"><span class=\"wprm-recipe-details-label wprm-block-text-bold wprm-recipe-time-label wprm-recipe-prep-time-label\">Tiempo de preparaci\u00f3n<\/span><span class=\"wprm-recipe-time wprm-block-text-normal\"><span class=\"wprm-recipe-details wprm-recipe-details-minutes wprm-recipe-prep_time wprm-recipe-prep_time-minutes\">20<\/span> <span class=\"wprm-recipe-details-unit wprm-recipe-details-minutes wprm-recipe-prep_time-unit wprm-recipe-prep_timeunit-minutes\">minutos<\/span><\/span><\/div><div class=\"wprm-recipe-block-container wprm-recipe-block-container-inline wprm-block-text-normal wprm-recipe-time-container wprm-recipe-cook-time-container\" style=\"\"><span class=\"wprm-recipe-details-label wprm-block-text-bold wprm-recipe-time-label wprm-recipe-cook-time-label\">Tiempo de cocinado<\/span><span class=\"wprm-recipe-time wprm-block-text-normal\"><span class=\"wprm-recipe-details wprm-recipe-details-minutes wprm-recipe-cook_time wprm-recipe-cook_time-minutes\">25<\/span> <span class=\"wprm-recipe-details-unit wprm-recipe-details-minutes wprm-recipe-cook_time-unit wprm-recipe-cook_timeunit-minutes\">minutos<\/span><\/span><\/div><\/div>\n    <\/div>\n    \n    <div class=\"wprm-ts-equipment\">\n        <div class=\"wprm-recipe-equipment-container wprm-block-text-normal\" data-recipe=\"68793\"><h3 class=\"wprm-recipe-header wprm-recipe-equipment-header wprm-block-text-bold wprm-align-left wprm-header-decoration-none\" style=\"\">Productos con los que prepararla<\/h3><div class=\"wprm-recipe-equipment wprm-recipe-equipment-images wprm-recipe-equipment-images-align-left\"><div class=\"wprm-recipe-equipment-item wprm-recipe-equipment-item-has-image\"><a href=\"https:\/\/www.create-store.com\/es\/comprar-freidoras-sin-aceite-medianas\/161950-air-fryer-pro-compact-freidora-sin-aceite-35-l.html?id_c=361702\" class=\"wprm-recipe-equipment-link\" target=\"_blank\"><div class=\"wprm-recipe-equipment-image\"><img loading=\"lazy\" decoding=\"async\" width=\"165\" height=\"165\" src=\"https:\/\/www.create-store.com\/blog\/wp-content\/uploads\/2024\/06\/air-fryer-pro-compact-freidora-sin-aceite-35-l-300x300.jpg\" class=\"attachment-165x165 size-165x165\" alt=\"\" srcset=\"https:\/\/www.create-store.com\/blog\/wp-content\/uploads\/2024\/06\/air-fryer-pro-compact-freidora-sin-aceite-35-l-300x300.jpg 300w, https:\/\/www.create-store.com\/blog\/wp-content\/uploads\/2024\/06\/air-fryer-pro-compact-freidora-sin-aceite-35-l-150x150.jpg 150w, https:\/\/www.create-store.com\/blog\/wp-content\/uploads\/2024\/06\/air-fryer-pro-compact-freidora-sin-aceite-35-l-500x500.jpg 500w, https:\/\/www.create-store.com\/blog\/wp-content\/uploads\/2024\/06\/air-fryer-pro-compact-freidora-sin-aceite-35-l-600x600.jpg 600w\" sizes=\"auto, (max-width: 165px) 100vw, 165px\" \/><\/div><div class=\"wprm-recipe-equipment-name\"><\/div><\/a><\/div><div class=\"wprm-recipe-equipment-item wprm-recipe-equipment-item-has-image\"><a href=\"https:\/\/www.create-store.com\/es\/comprar-freidoras-sin-aceite-grandes\/132703-air-fryer-pro-large-freidora-sin-aceite-62-l.html?id_c=330016\" class=\"wprm-recipe-equipment-link\" target=\"_blank\"><div class=\"wprm-recipe-equipment-image\"><img loading=\"lazy\" decoding=\"async\" width=\"165\" height=\"165\" src=\"https:\/\/www.create-store.com\/blog\/wp-content\/uploads\/2024\/06\/air-fryer-pro-large-freidora-sin-aceite-62-l-300x300.jpg\" class=\"attachment-165x165 size-165x165\" alt=\"\" srcset=\"https:\/\/www.create-store.com\/blog\/wp-content\/uploads\/2024\/06\/air-fryer-pro-large-freidora-sin-aceite-62-l-300x300.jpg 300w, https:\/\/www.create-store.com\/blog\/wp-content\/uploads\/2024\/06\/air-fryer-pro-large-freidora-sin-aceite-62-l-150x150.jpg 150w, https:\/\/www.create-store.com\/blog\/wp-content\/uploads\/2024\/06\/air-fryer-pro-large-freidora-sin-aceite-62-l-500x500.jpg 500w, https:\/\/www.create-store.com\/blog\/wp-content\/uploads\/2024\/06\/air-fryer-pro-large-freidora-sin-aceite-62-l-600x600.jpg 600w\" sizes=\"auto, (max-width: 165px) 100vw, 165px\" \/><\/div><div class=\"wprm-recipe-equipment-name\"><\/div><\/a><\/div><\/div><\/div>\n    <\/div>\n    \n    <div class=\"wprm-ts-equipment-ingredients\">\n        <div class=\"wprm-recipe-ingredients-container wprm-recipe-68793-ingredients-container wprm-block-text-normal wprm-ingredient-style-regular\" data-recipe=\"68793\" data-servings=\"4\"><h3 class=\"wprm-recipe-header wprm-recipe-ingredients-header wprm-block-text-bold wprm-align-left wprm-header-decoration-none\" style=\"\">Ingredientes<\/h3><div class=\"wprm-recipe-ingredient-group\"><h4 class=\"wprm-recipe-group-name wprm-recipe-ingredient-group-name wprm-block-text-normal\">Para la bolo\u00f1esa<\/h4><ul class=\"wprm-recipe-ingredients\"><li class=\"wprm-recipe-ingredient\" style=\"list-style-type: disc;\"><span class=\"wprm-recipe-ingredient-amount\">1<\/span>&#32;<span class=\"wprm-recipe-ingredient-name\">cebolla<\/span><\/li><li class=\"wprm-recipe-ingredient\" style=\"list-style-type: disc;\"><span class=\"wprm-recipe-ingredient-amount\">2<\/span>&#32;<span class=\"wprm-recipe-ingredient-name\">dientes de ajo<\/span><\/li><li class=\"wprm-recipe-ingredient\" style=\"list-style-type: disc;\"><span class=\"wprm-recipe-ingredient-amount\">\u00bd<\/span>&#32;<span class=\"wprm-recipe-ingredient-name\">kilo de carne picada de ternera y\/o mixta<\/span><\/li><li class=\"wprm-recipe-ingredient\" style=\"list-style-type: disc;\"><span class=\"wprm-recipe-ingredient-amount\">250<\/span>&#32;<span class=\"wprm-recipe-ingredient-unit\">ml<\/span>&#32;<span class=\"wprm-recipe-ingredient-name\">de tomate frito estilo casero<\/span><\/li><li class=\"wprm-recipe-ingredient\" style=\"list-style-type: disc;\"><span class=\"wprm-recipe-ingredient-name\">Sal<\/span><\/li><li class=\"wprm-recipe-ingredient\" style=\"list-style-type: disc;\"><span class=\"wprm-recipe-ingredient-name\">Pimienta Negra<\/span><\/li><li class=\"wprm-recipe-ingredient\" style=\"list-style-type: disc;\"><span class=\"wprm-recipe-ingredient-name\">Comino<\/span><\/li><\/ul><\/div><div class=\"wprm-recipe-ingredient-group\"><h4 class=\"wprm-recipe-group-name wprm-recipe-ingredient-group-name wprm-block-text-normal\">Para la bechamel<\/h4><ul class=\"wprm-recipe-ingredients\"><li class=\"wprm-recipe-ingredient\" style=\"list-style-type: disc;\"><span class=\"wprm-recipe-ingredient-amount\">2<\/span>&#32;<span class=\"wprm-recipe-ingredient-name\">cdas de harina<\/span><\/li><li class=\"wprm-recipe-ingredient\" style=\"list-style-type: disc;\"><span class=\"wprm-recipe-ingredient-amount\">4<\/span>&#32;<span class=\"wprm-recipe-ingredient-name\">cdas de mantequilla<\/span><\/li><li class=\"wprm-recipe-ingredient\" style=\"list-style-type: disc;\"><span class=\"wprm-recipe-ingredient-amount\">700<\/span>&#32;<span class=\"wprm-recipe-ingredient-unit\">ml<\/span>&#32;<span class=\"wprm-recipe-ingredient-name\">de leche<\/span><\/li><li class=\"wprm-recipe-ingredient\" style=\"list-style-type: disc;\"><span class=\"wprm-recipe-ingredient-name\">Sal<\/span><\/li><li class=\"wprm-recipe-ingredient\" style=\"list-style-type: disc;\"><span class=\"wprm-recipe-ingredient-name\">Nuez moscada<\/span><\/li><\/ul><\/div><div class=\"wprm-recipe-ingredient-group\"><h4 class=\"wprm-recipe-group-name wprm-recipe-ingredient-group-name wprm-block-text-normal\">Para la lasa\u00f1a<\/h4><ul class=\"wprm-recipe-ingredients\"><li class=\"wprm-recipe-ingredient\" style=\"list-style-type: disc;\"><span class=\"wprm-recipe-ingredient-name\">Planchas de lasa\u00f1a<\/span><\/li><li class=\"wprm-recipe-ingredient\" style=\"list-style-type: disc;\"><span class=\"wprm-recipe-ingredient-name\">Queso rallado<\/span><\/li><\/ul><\/div><\/div>\n    <\/div>\n    \n    <div class=\"wprm-ts-instructions\">\n        <div class=\"wprm-recipe-instructions-container wprm-block-text-normal\" data-recipe=\"68793\"><h3 class=\"wprm-recipe-header wprm-recipe-instructions-header wprm-block-text-bold wprm-align-left wprm-header-decoration-none\" style=\"\">Instrucciones<\/h3><div class=\"wprm-recipe-instruction-group\"><h4 class=\"wprm-recipe-group-name wprm-recipe-instruction-group-name wprm-block-text-bold\">Para preparar la bolo\u00f1esa<\/h4><ul class=\"wprm-recipe-instructions\"><li id=\"wprm-recipe-68793-step-0-0\" class=\"wprm-recipe-instruction\" style=\"list-style-type: decimal;\"><div class=\"wprm-recipe-instruction-text\" style=\"margin-bottom: 20px\">Picamos la cebolla y el ajo y lo pochamos con un poco de aceite de oliva en una sart\u00e9n.<\/div><\/li><li id=\"wprm-recipe-68793-step-0-1\" class=\"wprm-recipe-instruction\" style=\"list-style-type: decimal;\"><div class=\"wprm-recipe-instruction-text\" style=\"margin-bottom: 20px\">Cuando comiencen a dorarse incorporamos la carne, mezclamos y cocinamos hasta que la carne cambie de color<\/div><\/li><li id=\"wprm-recipe-68793-step-0-2\" class=\"wprm-recipe-instruction\" style=\"list-style-type: decimal;\"><div class=\"wprm-recipe-instruction-text\" style=\"margin-bottom: 20px\">A\u00f1adimos la pizca y pimienta negra<\/div><\/li><li id=\"wprm-recipe-68793-step-0-3\" class=\"wprm-recipe-instruction\" style=\"list-style-type: decimal;\"><div class=\"wprm-recipe-instruction-text\" style=\"margin-bottom: 20px\">Incorporamos el tomate triturado y dejamos cocinar a fuego suave unos 40 minutos.<\/div><\/li><\/ul><\/div><div class=\"wprm-recipe-instruction-group\"><h4 class=\"wprm-recipe-group-name wprm-recipe-instruction-group-name wprm-block-text-bold\">Para la bechamel<\/h4><ul class=\"wprm-recipe-instructions\"><li id=\"wprm-recipe-68793-step-1-0\" class=\"wprm-recipe-instruction\" style=\"list-style-type: decimal;\"><div class=\"wprm-recipe-instruction-text\" style=\"margin-bottom: 20px\">En una cazuela colocamos la mantequilla y a fuego medio\/bajo dejamos que comienze a tostarse. La idea es obtener un l\u00edquido con el color y el olor de la avellanas.<\/div><\/li><li id=\"wprm-recipe-68793-step-1-1\" class=\"wprm-recipe-instruction\" style=\"list-style-type: decimal;\"><div class=\"wprm-recipe-instruction-text\" style=\"margin-bottom: 20px\">A\u00f1adimos la harina y con ayuda del batidor de mano integramos bien hasta que la harina est\u00e9 bien tostada.<\/div><\/li><li id=\"wprm-recipe-68793-step-1-2\" class=\"wprm-recipe-instruction\" style=\"list-style-type: decimal;\"><div class=\"wprm-recipe-instruction-text\" style=\"margin-bottom: 20px\">Una vez obtengamos una masa de mantequilla y harina a\u00f1adimos la leche y comenzamos a remover a fuego medio para que no se pegue al fono de la sart\u00e9n y empiece a espesar.<\/div><\/li><li id=\"wprm-recipe-68793-step-1-3\" class=\"wprm-recipe-instruction\" style=\"list-style-type: decimal;\"><div class=\"wprm-recipe-instruction-text\" style=\"margin-bottom: 20px\">Dejamos de remover cuando hayamos obtenido una bechamel ligera.<\/div><\/li><\/ul><\/div><div class=\"wprm-recipe-instruction-group\"><h4 class=\"wprm-recipe-group-name wprm-recipe-instruction-group-name wprm-block-text-bold\">Para la lasa\u00f1a<\/h4><ul class=\"wprm-recipe-instructions\"><li id=\"wprm-recipe-68793-step-2-0\" class=\"wprm-recipe-instruction\" style=\"list-style-type: decimal;\"><div class=\"wprm-recipe-instruction-text\" style=\"margin-bottom: 20px\">En nuestro accesorio bajo para freidora. colocamos una cda de bechamel para que sirva como sujeci\u00f3n de las placas de lasa\u00f1a y comenzamos a colocar en este orden: Placa de lasa\u00f1a, carne picada, bechamel hasta obtener la altura deseada. arriba del todo debe quedarnos una capa de bechamel a la que echaremos queso hasta cubrirla entera.<\/div><\/li><li id=\"wprm-recipe-68793-step-2-1\" class=\"wprm-recipe-instruction\" style=\"list-style-type: decimal;\"><div class=\"wprm-recipe-instruction-text\" style=\"margin-bottom: 20px\"><span style=\"display: block;\">Llevamos a la freidora de aire 180\u00ba durante 20 minutos.<\/span><\/div><\/li><\/ul><\/div><\/div>\n        \n    <\/div>\n    \n    \n<\/div><\/div><\/div>","protected":false},"excerpt":{"rendered":"","protected":false},"author":1,"featured_media":69091,"comment_status":"open","ping_status":"open","sticky":false,"template":"","format":"standard","meta":{"wprm-recipe-roundup-name":[],"wprm-recipe-roundup-description":[],"loftocean_post_format_gallery":"","loftocean_post_format_gallery_ids":"","loftocean_post_format_gallery_urls":"","loftocean_post_format_video_id":0,"loftocean_post_format_video_url":"","loftocean_post_format_video_type":"","loftocean_post_format_video":"","loftocean_post_format_audio_type":"","loftocean_post_format_audio_url":"","loftocean_post_format_audio_id":0,"loftocean_post_format_audio":"","loftocean-featured-post":"","loftocean-like-count":0,"loftocean-view-count":2372,"tinysalt_single_post_intro_label":"","tinysalt_single_post_intro_description":"","tinysalt_hide_before_page_content_ad":"","tinysalt_hide_after_page_content_ad":"","tinysalt_hide_page_header":"","tinysalt_advanced_classname":"","footnotes":""},"categories":[1],"tags":[],"class_list":["post-68792","post","type-post","status-publish","format-standard","has-post-thumbnail","hentry","category-sin-categorizar"],"recipe":{"id":68793,"image_id":69091,"image_url":"https:\/\/www.create-store.com\/blog\/wp-content\/uploads\/2024\/07\/24.07.02_RECETARIO-16.jpeg","image_thumbnail_url":"https:\/\/www.create-store.com\/blog\/wp-content\/uploads\/2024\/07\/24.07.02_RECETARIO-16-150x150.jpeg","name":"LASA\u00d1A","summary":"Uno de los platos favoritos por excelencia. Esta combinaci\u00f3n de pasta, carne, bechamel y queso es una receta muy saciante y reconfortante. La lasa\u00f1a es una de las estrellas de la cocina italiana, pero triunfa en pa\u00edses de todo el mundo. Te ense\u00f1amos a prepararla en casa para que puedas disfrutarla siempre que se te antoje. ","author_name":"CREATE","author_link":"","servings":"4","servings_unit":"personas","prep_time":"20","cook_time":"25","custom_time":"0","custom_time_label":"","categories":[{"term_id":1,"name":"Sin categorizar","slug":"sin-categorizar","term_group":0,"term_taxonomy_id":1,"taxonomy":"category","description":"","parent":0,"count":93,"filter":"raw","cat_ID":1,"category_count":93,"category_description":"","cat_name":"Sin categorizar","category_nicename":"sin-categorizar","category_parent":0,"children":[]}],"tags":[],"products":[{"id":5731,"name":"Air Fryer Compact","uid":0,"product_link":"https:\/\/www.create-store.com\/es\/comprar-freidoras-sin-aceite-medianas\/161950-air-fryer-pro-compact-freidora-sin-aceite-35-l.html?id_c=361702","product_image_url":"https:\/\/www.create-store.com\/blog\/wp-content\/uploads\/2024\/06\/air-fryer-pro-compact-freidora-sin-aceite-35-l.jpg"},{"id":6885,"name":"AIR FYER PRO LARGE","uid":1,"product_link":"https:\/\/www.create-store.com\/es\/comprar-freidoras-sin-aceite-grandes\/132703-air-fryer-pro-large-freidora-sin-aceite-62-l.html?id_c=330016","product_image_url":"https:\/\/www.create-store.com\/blog\/wp-content\/uploads\/2024\/06\/air-fryer-pro-large-freidora-sin-aceite-62-l.jpg"}],"ingredients":[{"ingredients":[{"amount":"1","unit":"","name":"cebolla","notes":"","id":4868},{"amount":"2","unit":"","name":"dientes de ajo","notes":"","id":4684},{"amount":"\u00bd","unit":"","name":"kilo de carne picada de ternera y\/o mixta","notes":"","id":25480},{"amount":"250","unit":"ml","name":"de tomate frito estilo casero","notes":"","id":25481},{"amount":"","unit":"","name":"Sal","notes":"","id":4784},{"amount":"","unit":"","name":"Pimienta Negra","notes":"","id":5025},{"amount":"","unit":"","name":"Comino","notes":"","id":5366}],"name":"Para la bolo\u00f1esa"},{"ingredients":[{"amount":"2","unit":"","name":"cdas de harina","notes":"","id":25482},{"amount":"4","unit":"","name":"cdas de mantequilla","notes":"","id":11779},{"amount":"700","unit":"ml","name":"de leche","notes":"","id":4806},{"amount":"","unit":"","name":"Sal","notes":"","id":4784},{"amount":"","unit":"","name":"Nuez moscada","notes":"","id":5108}],"name":"Para la bechamel"},{"ingredients":[{"amount":"","unit":"","name":"Planchas de lasa\u00f1a","notes":"","id":25483},{"amount":"","unit":"","name":"Queso rallado","notes":"","id":5383}],"name":"Para la lasa\u00f1a"}],"instructions":[{"instructions":[{"name":"","text":"Picamos la cebolla y el ajo y lo pochamos con un poco de aceite de oliva en una sart\u00e9n.","image":0},{"name":"","text":"Cuando comiencen a dorarse incorporamos la carne, mezclamos y cocinamos hasta que la carne cambie de color","image":0},{"name":"","text":"A\u00f1adimos la pizca y pimienta negra","image":0},{"name":"","text":"Incorporamos el tomate triturado y dejamos cocinar a fuego suave unos 40 minutos.","image":0}],"name":"Para preparar la bolo\u00f1esa"},{"instructions":[{"name":"","text":"En una cazuela colocamos la mantequilla y a fuego medio\/bajo dejamos que comienze a tostarse. La idea es obtener un l\u00edquido con el color y el olor de la avellanas.","image":0},{"name":"","text":"A\u00f1adimos la harina y con ayuda del batidor de mano integramos bien hasta que la harina est\u00e9 bien tostada.","image":0},{"name":"","text":"Una vez obtengamos una masa de mantequilla y harina a\u00f1adimos la leche y comenzamos a remover a fuego medio para que no se pegue al fono de la sart\u00e9n y empiece a espesar.","image":0},{"name":"","text":"Dejamos de remover cuando hayamos obtenido una bechamel ligera.","image":0}],"name":"Para la bechamel"},{"instructions":[{"name":"","text":"En nuestro accesorio bajo para freidora. colocamos una cda de bechamel para que sirva como sujeci\u00f3n de las placas de lasa\u00f1a y comenzamos a colocar en este orden: Placa de lasa\u00f1a, carne picada, bechamel hasta obtener la altura deseada. arriba del todo debe quedarnos una capa de bechamel a la que echaremos queso hasta cubrirla entera.","image":0},{"name":"","text":"<p>Llevamos a la freidora de aire 180\u00ba durante 20 minutos.<\/p>","image":0}],"name":"Para la lasa\u00f1a"}],"ingredients_flat":[{"name":"Para la bolo\u00f1esa","uid":0,"type":"group"},{"amount":"1","unit":"","name":"cebolla","notes":"","id":4868,"uid":1,"type":"ingredient"},{"amount":"2","unit":"","name":"dientes de ajo","notes":"","id":4684,"uid":2,"type":"ingredient"},{"amount":"\u00bd","unit":"","name":"kilo de carne picada de ternera y\/o mixta","notes":"","id":25480,"uid":3,"type":"ingredient"},{"amount":"250","unit":"ml","name":"de tomate frito estilo casero","notes":"","id":25481,"uid":4,"type":"ingredient"},{"amount":"","unit":"","name":"Sal","notes":"","id":4784,"uid":5,"type":"ingredient"},{"amount":"","unit":"","name":"Pimienta Negra","notes":"","id":5025,"uid":6,"type":"ingredient"},{"amount":"","unit":"","name":"Comino","notes":"","id":5366,"uid":7,"type":"ingredient"},{"name":"Para la bechamel","uid":8,"type":"group"},{"amount":"2","unit":"","name":"cdas de harina","notes":"","id":25482,"uid":9,"type":"ingredient"},{"amount":"4","unit":"","name":"cdas de mantequilla","notes":"","id":11779,"uid":10,"type":"ingredient"},{"amount":"700","unit":"ml","name":"de leche","notes":"","id":4806,"uid":11,"type":"ingredient"},{"amount":"","unit":"","name":"Sal","notes":"","id":4784,"uid":12,"type":"ingredient"},{"amount":"","unit":"","name":"Nuez moscada","notes":"","id":5108,"uid":13,"type":"ingredient"},{"name":"Para la lasa\u00f1a","uid":14,"type":"group"},{"amount":"","unit":"","name":"Planchas de lasa\u00f1a","notes":"","id":25483,"uid":15,"type":"ingredient"},{"amount":"","unit":"","name":"Queso rallado","notes":"","id":5383,"uid":16,"type":"ingredient"}],"instructions_flat":[{"name":"Para preparar la bolo\u00f1esa","uid":0,"type":"group"},{"name":"","text":"Picamos la cebolla y el ajo y lo pochamos con un poco de aceite de oliva en una sart\u00e9n.","image":0,"uid":1,"type":"instruction","image_url":""},{"name":"","text":"Cuando comiencen a dorarse incorporamos la carne, mezclamos y cocinamos hasta que la carne cambie de color","image":0,"uid":2,"type":"instruction","image_url":""},{"name":"","text":"A\u00f1adimos la pizca y pimienta negra","image":0,"uid":3,"type":"instruction","image_url":""},{"name":"","text":"Incorporamos el tomate triturado y dejamos cocinar a fuego suave unos 40 minutos.","image":0,"uid":4,"type":"instruction","image_url":""},{"name":"Para la bechamel","uid":5,"type":"group"},{"name":"","text":"En una cazuela colocamos la mantequilla y a fuego medio\/bajo dejamos que comienze a tostarse. La idea es obtener un l\u00edquido con el color y el olor de la avellanas.","image":0,"uid":6,"type":"instruction","image_url":""},{"name":"","text":"A\u00f1adimos la harina y con ayuda del batidor de mano integramos bien hasta que la harina est\u00e9 bien tostada.","image":0,"uid":7,"type":"instruction","image_url":""},{"name":"","text":"Una vez obtengamos una masa de mantequilla y harina a\u00f1adimos la leche y comenzamos a remover a fuego medio para que no se pegue al fono de la sart\u00e9n y empiece a espesar.","image":0,"uid":8,"type":"instruction","image_url":""},{"name":"","text":"Dejamos de remover cuando hayamos obtenido una bechamel ligera.","image":0,"uid":9,"type":"instruction","image_url":""},{"name":"Para la lasa\u00f1a","uid":10,"type":"group"},{"name":"","text":"En nuestro accesorio bajo para freidora. colocamos una cda de bechamel para que sirva como sujeci\u00f3n de las placas de lasa\u00f1a y comenzamos a colocar en este orden: Placa de lasa\u00f1a, carne picada, bechamel hasta obtener la altura deseada. arriba del todo debe quedarnos una capa de bechamel a la que echaremos queso hasta cubrirla entera.","image":0,"uid":11,"type":"instruction","image_url":""},{"name":"","text":"<p>Llevamos a la freidora de aire 180\u00ba durante 20 minutos.<\/p>","image":0,"uid":12,"type":"instruction","image_url":""}],"video_id":0,"video_embed":"","video_thumb_url":"https:\/\/www.create-store.com\/blog\/wp-content\/uploads\/2024\/07\/24.07.02_RECETARIO-16-150x150.jpeg","notes":""},"_links":{"self":[{"href":"https:\/\/www.create-store.com\/blog\/es\/wp-json\/wp\/v2\/posts\/68792","targetHints":{"allow":["GET"]}}],"collection":[{"href":"https:\/\/www.create-store.com\/blog\/es\/wp-json\/wp\/v2\/posts"}],"about":[{"href":"https:\/\/www.create-store.com\/blog\/es\/wp-json\/wp\/v2\/types\/post"}],"author":[{"embeddable":true,"href":"https:\/\/www.create-store.com\/blog\/es\/wp-json\/wp\/v2\/users\/1"}],"replies":[{"embeddable":true,"href":"https:\/\/www.create-store.com\/blog\/es\/wp-json\/wp\/v2\/comments?post=68792"}],"version-history":[{"count":2,"href":"https:\/\/www.create-store.com\/blog\/es\/wp-json\/wp\/v2\/posts\/68792\/revisions"}],"predecessor-version":[{"id":68800,"href":"https:\/\/www.create-store.com\/blog\/es\/wp-json\/wp\/v2\/posts\/68792\/revisions\/68800"}],"wp:featuredmedia":[{"embeddable":true,"href":"https:\/\/www.create-store.com\/blog\/es\/wp-json\/wp\/v2\/media\/69091"}],"wp:attachment":[{"href":"https:\/\/www.create-store.com\/blog\/es\/wp-json\/wp\/v2\/media?parent=68792"}],"wp:term":[{"taxonomy":"category","embeddable":true,"href":"https:\/\/www.create-store.com\/blog\/es\/wp-json\/wp\/v2\/categories?post=68792"},{"taxonomy":"post_tag","embeddable":true,"href":"https:\/\/www.create-store.com\/blog\/es\/wp-json\/wp\/v2\/tags?post=68792"}],"curies":[{"name":"wp","href":"https:\/\/api.w.org\/{rel}","templated":true}]}}